{"id":54702,"date":"2022-06-28T22:07:54","date_gmt":"2022-06-29T01:07:54","guid":{"rendered":"https:\/\/informateesquina.com\/?p=54702"},"modified":"2022-06-28T22:09:37","modified_gmt":"2022-06-29T01:09:37","slug":"te-acordas-de-el-asi-luce-hoy-nandito-de-maria-la-del-barrio","status":"publish","type":"post","link":"http:\/\/informateesquina.com\/?p=54702","title":{"rendered":"\u00bfTe acord\u00e1s de \u00e9l? As\u00ed luce hoy Nandito de \u201cMar\u00eda la del Barrio\u201d"},"content":{"rendered":"<div>\n<div class=\"cuerpo\">\n<p>Muchos fueron los artistas que conocieron la fama cuando incursionaron en las novelas mexicanas, brasileras y turcas.\u00a0En este caso, \u201cMar\u00eda la del Barrio\u201d fue un programa que lleg\u00f3 a miles de casas en Latinoam\u00e9rica y en las que surgi\u00f3 Thal\u00eda, Ita\u00ed Cantoral, Fernando Colunga y Osvaldo Benavides.<\/p>\n<p>Este \u00faltimo, inici\u00f3 su carrera profesional a los 13 a\u00f1os en el elenco infantil El abuelo y yo.\u00a0En este proyecto comparti\u00f3 pantalla con Ludwika Paleta y Gael Garc\u00eda.\u00a0Luego pudo conformar una extensa lista de producciones de las que particip\u00f3 a lo largo de los a\u00f1os: El premio mayor, Te sigo amando, Preciosa, La primera noche y Por la libre.<\/p>\n<p><a class=\"fotos-desarrollo unlink\" title=\"\u00bfTe acord\u00e1s de \u00e9l? As\u00ed luce hoy Nandito de Mar\u00eda la del Barrio\" href=\"https:\/\/www.radiosudamericana.com\/notix\/multimedia\/imagenes\/fotos\/2022-06-28\/558975.jpg\"><img decoding=\"async\" class=\"img-responsive\" src=\"https:\/\/www.radiosudamericana.com\/notix\/multimedia\/imagenes\/fotos\/2022-06-28\/558975.jpg_nota.jpg\" \/><\/a><\/p>\n<p>Luego de varios a\u00f1os alejado de los medios de comunicaci\u00f3n, volvi\u00f3 a trabajar para la televisi\u00f3n en 2010 con\u00a0Soy tu fan, La que no pod\u00eda amar, La dictadura perfecta y Mentada de padre, entre tantas otras. Esta trayectoria lo convirti\u00f3, sin dudas, en uno de los actores m\u00e1s importantes de la industria mexicana, como as\u00ed tambi\u00e9n en uno de los m\u00e1s seductores.<\/p>\n<p>A pesar de contar con un gran desarrollo art\u00edstico, Benavides siempre ser\u00e1 recordado por su papel en \u201cMar\u00eda la del barrio\u201d. En la cinta conformada por 185 cap\u00edtulos y transmitida por el Canal de las estrellas,\u00a0lo tuvo encarnando el papel de Nandito el hijo perdido de Mar\u00eda (Thal\u00eda) y Luis Fernando (Fernando Colunga).<\/p>\n<p>&nbsp;<\/p>\n<div id=\"embeds\" class=\"inser center-block\"><iframe id=\"instagram-embed-0\" class=\"instagram-media instagram-media-rendered\" src=\"https:\/\/www.instagram.com\/p\/B2kWanvg6td\/embed\/captioned\/?cr=1&amp;v=14&amp;wp=540&amp;rd=https%3A%2F%2Fwww.radiosudamericana.com&amp;rp=%2Fnota%2Fespectaculos%2F274228--Te-acordas-de-el--Asi-luce-hoy-Nandito-de-Maria-la-del-Barrio.htm#%7B%22ci%22%3A0%2C%22os%22%3A1886.8000000044703%2C%22ls%22%3A1008.2000000029802%2C%22le%22%3A1864.8000000044703%7D\" height=\"716\" frameborder=\"0\" scrolling=\"no\" allowfullscreen=\"allowfullscreen\" data-instgrm-payload-id=\"instagram-media-payload-0\" data-mce-fragment=\"1\"><\/iframe><\/div>\n<p>&nbsp;<\/p>\n<p>Hace pocos d\u00edas, el 14 de junio,\u00a0Osvaldo Benavides cumpli\u00f3 sus 43 a\u00f1os y sin dudas ya no es el mismo joven reconocido por esa hist\u00f3rica telenovela. Su cuenta de Instagram deja ver como es su apariencia en la actualidad, a 25 a\u00f1os de la proyecci\u00f3n de su mejor aparici\u00f3n.<\/p>\n<p>&nbsp;<\/p>\n<div id=\"embeds\" class=\"inser center-block\"><iframe id=\"instagram-embed-1\" class=\"instagram-media instagram-media-rendered\" src=\"https:\/\/www.instagram.com\/p\/CchABMFMa9S\/embed\/captioned\/?cr=1&amp;v=14&amp;wp=540&amp;rd=https%3A%2F%2Fwww.radiosudamericana.com&amp;rp=%2Fnota%2Fespectaculos%2F274228--Te-acordas-de-el--Asi-luce-hoy-Nandito-de-Maria-la-del-Barrio.htm#%7B%22ci%22%3A1%2C%22os%22%3A1894.6000000014901%2C%22ls%22%3A1008.2000000029802%2C%22le%22%3A1864.8000000044703%7D\" height=\"968\" frameborder=\"0\" scrolling=\"no\" allowfullscreen=\"allowfullscreen\" data-instgrm-payload-id=\"instagram-media-payload-1\" data-mce-fragment=\"1\"><\/iframe><\/div>\n<div id=\"embeds\" class=\"inser center-block\"><iframe id=\"instagram-embed-2\" class=\"instagram-media instagram-media-rendered\" src=\"https:\/\/www.instagram.com\/p\/CezULvxLE7U\/embed\/captioned\/?cr=1&amp;v=14&amp;wp=540&amp;rd=https%3A%2F%2Fwww.radiosudamericana.com&amp;rp=%2Fnota%2Fespectaculos%2F274228--Te-acordas-de-el--Asi-luce-hoy-Nandito-de-Maria-la-del-Barrio.htm#%7B%22ci%22%3A2%2C%22os%22%3A1904.3000000044703%2C%22ls%22%3A1008.2000000029802%2C%22le%22%3A1864.8000000044703%7D\" height=\"917\" frameborder=\"0\" scrolling=\"no\" allowfullscreen=\"allowfullscreen\" data-instgrm-payload-id=\"instagram-media-payload-2\" data-mce-fragment=\"1\"><\/iframe><\/div>\n<div id=\"embeds\" class=\"inser center-block\"><iframe id=\"instagram-embed-3\" class=\"instagram-media instagram-media-rendered\" src=\"https:\/\/www.instagram.com\/p\/CdOqFo4vgBn\/embed\/captioned\/?cr=1&amp;v=14&amp;wp=540&amp;rd=https%3A%2F%2Fwww.radiosudamericana.com&amp;rp=%2Fnota%2Fespectaculos%2F274228--Te-acordas-de-el--Asi-luce-hoy-Nandito-de-Maria-la-del-Barrio.htm#%7B%22ci%22%3A3%2C%22os%22%3A3107.60000000149%2C%22ls%22%3A1008.2000000029802%2C%22le%22%3A1864.8000000044703%7D\" height=\"833\" frameborder=\"0\" scrolling=\"no\" allowfullscreen=\"allowfullscreen\" data-instgrm-payload-id=\"instagram-media-payload-3\" data-mce-fragment=\"1\"><\/iframe><\/div>\n<p>&nbsp;<\/p>\n<\/div>\n<\/div>\n<div class=\"banner wline space-bottom\"><\/div>\n<div class=\"acciones\"><a class=\"accion\" title=\"Comentar esta Noticia\" href=\"https:\/\/www.radiosudamericana.com\/nota\/espectaculos\/274228--Te-acordas-de-el--Asi-luce-hoy-Nandito-de-Maria-la-del-Barrio.htm#comentar-noticia\">COMENTAR\u00a0<i class=\"fa fa-comment-o transition\"><\/i><\/a><\/div>\n","protected":false},"excerpt":{"rendered":"<p>Muchos fueron los artistas que conocieron la fama cuando incursionaron en las novelas mexicanas, brasileras y turcas.\u00a0En este caso, \u201cMar\u00eda la del Barrio\u201d fue un programa que lleg\u00f3 a miles de casas en Latinoam\u00e9rica y en las que surgi\u00f3 Thal\u00eda, Ita\u00ed Cantoral, Fernando Colunga y Osvaldo Benavides. Este \u00faltimo, inici\u00f3 su carrera profesional a los [&hellip;]<\/p>\n","protected":false},"author":3,"featured_media":54703,"comment_status":"open","ping_status":"open","sticky":false,"template":"","format":"standard","meta":{"footnotes":""},"categories":[4,11],"tags":[],"class_list":["post-54702","post","type-post","status-publish","format-standard","has-post-thumbnail","hentry","category-espectaculos","category-sociedad"],"_links":{"self":[{"href":"http:\/\/informateesquina.com\/index.php?rest_route=\/wp\/v2\/posts\/54702","targetHints":{"allow":["GET"]}}],"collection":[{"href":"http:\/\/informateesquina.com\/index.php?rest_route=\/wp\/v2\/posts"}],"about":[{"href":"http:\/\/informateesquina.com\/index.php?rest_route=\/wp\/v2\/types\/post"}],"author":[{"embeddable":true,"href":"http:\/\/informateesquina.com\/index.php?rest_route=\/wp\/v2\/users\/3"}],"replies":[{"embeddable":true,"href":"http:\/\/informateesquina.com\/index.php?rest_route=%2Fwp%2Fv2%2Fcomments&post=54702"}],"version-history":[{"count":0,"href":"http:\/\/informateesquina.com\/index.php?rest_route=\/wp\/v2\/posts\/54702\/revisions"}],"wp:featuredmedia":[{"embeddable":true,"href":"http:\/\/informateesquina.com\/index.php?rest_route=\/wp\/v2\/media\/54703"}],"wp:attachment":[{"href":"http:\/\/informateesquina.com\/index.php?rest_route=%2Fwp%2Fv2%2Fmedia&parent=54702"}],"wp:term":[{"taxonomy":"category","embeddable":true,"href":"http:\/\/informateesquina.com\/index.php?rest_route=%2Fwp%2Fv2%2Fcategories&post=54702"},{"taxonomy":"post_tag","embeddable":true,"href":"http:\/\/informateesquina.com\/index.php?rest_route=%2Fwp%2Fv2%2Ftags&post=54702"}],"curies":[{"name":"wp","href":"https:\/\/api.w.org\/{rel}","templated":true}]}}