{"id":54707,"date":"2022-06-30T15:54:27","date_gmt":"2022-06-30T18:54:27","guid":{"rendered":"https:\/\/informateesquina.com\/?p=54707"},"modified":"2022-06-30T15:54:27","modified_gmt":"2022-06-30T18:54:27","slug":"condenaron-a-un-correntino-y-a-su-mama-por-decapitar-a-una-joven","status":"publish","type":"post","link":"http:\/\/informateesquina.com\/?p=54707","title":{"rendered":"Condenaron a un correntino y a su mam\u00e1 por decapitar a una joven"},"content":{"rendered":"<div class=\"fotos-y-videos\">\n<div class=\"tab-content\">\n<div id=\"fotos\" class=\"tab-pane fade in active\" role=\"tabpanel\">El Tribunal Oral en lo Criminal N\u00ba 1 de la Provincia de Buenos Aires conden\u00f3 este mi\u00e9rcoles al correntino Carlos Hern\u00e1n Entivero (39), oriundo de San Roque, y a\u00a0 su madre, Amelia Itat\u00ed Lezcano (56),\u00a0\u00a0a cadena perpetua por el\u00a0\u00a0femicidio de la joven chaque\u00f1a Stella Maris Ram\u00edrez (26).<\/div>\n<\/div>\n<\/div>\n<div class=\"cuerpo\">\n<p>Ambos estaban acusados de ser coautores del delito de \u201chomicidio doblemente calificado por tratarse la v\u00edctima de una persona con quien uno de los autores manten\u00eda una relaci\u00f3n de pareja conviviente y por ser cometido por un hombre contra una mujer, mediando violencia de g\u00e9nero\u201d.<\/p>\n<p>&#8220;Todav\u00eda no caemos, pero logramos la justicia que pedimos. Estoy conmovida. Fue mucha emoci\u00f3n luego de escuchar la sentencia. Era mi deseo. Esto me deja tranquila y en paz&#8221;, expres\u00f3 esta tarde a T\u00e9lam la madre de la v\u00edctima, Mar\u00eda Estela Sober\u00f3n, conmovida por el veredicto que hab\u00eda conocido minutos antes.<\/p>\n<p>El debate hab\u00eda comenzado el 31 de mayo pasado en los tribunales de Z\u00e1rate, tras posponerse en varias ocasiones a causa de la pandemia de coronavirus.<\/p>\n<p>En ese contexto, la familia de Stella Maris, que en su mayor\u00eda reside en la ciudad chaque\u00f1a de Resistencia, viaj\u00f3 todas las semanas desde el inicio del juicio a los tribunales con el fin de presenciar todas las audiencias.<\/p>\n<p>&#8220;Todo esto nos cost\u00f3 mucho. Estamos muy emocionados. Con la ayuda del fiscal pudimos sacar esto adelante&#8221;, dijo a T\u00e9lam la mam\u00e1 de Stella Maris en referencia al instructor judicial Alberto Guti\u00e9rrez y a que no contaron con un abogado particular durante el debate.<\/p>\n<p>Adem\u00e1s, la mujer agradeci\u00f3 el apoyo a la organizaci\u00f3n Atravesados por el Femicidio, conformada por familiares de v\u00edctimas de cr\u00edmenes motivados por el g\u00e9nero.<\/p>\n<p>&#8220;Nunca estuve sola. Siempre tuve su acompa\u00f1amiento. Ellos nos ayudaron mucho con la contenci\u00f3n&#8221;, se\u00f1al\u00f3 Sober\u00f3n.<\/p>\n<p>La mujer sostuvo que siempre recordar\u00e1 a su hija &#8220;con una sonrisa&#8221; y a\u00f1adi\u00f3: &#8220;Todav\u00eda no podemos asimilar todo lo que pas\u00f3. A partir de ahora vamos a mirar hacia adelante y aprender a convivir con este dolor.&#8221;<\/p>\n<p><strong>EL CASO<\/strong><\/p>\n<p>En agosto de 2019 la Prefectura encontr\u00f3 el cuerpo decapitado de una mujer en el r\u00edo Paran\u00e1,\u00a0a tres kil\u00f3metros de la orilla del Club de Pesca de dicha localidad del partido de Z\u00e1rate, en el noreste de la provincia de Buenos Aires.<\/p>\n<p>Fue una vecina de Stella Maris Ram\u00edrez, quien reconoci\u00f3 el cuerpo gracias a un tatuaje que ten\u00eda en uno de sus hombos, pese al gran estado de descomposici\u00f3n que presentaba el mismo. La joven desaparecida a principios de ese\u00a0mes en la localidad bonaerense de Lima.<\/p>\n<p>Con los datos obtenidos a simple vista,\u00a0los investigadores sospechaban que\u00a0 la quisieron quemar, le cortaron la cabeza y le abrieron la panza para que se hunda, dijeron las fuentes.<\/p>\n<p><img loading=\"lazy\" decoding=\"async\" class=\"alignnone size-medium wp-image-54709\" src=\"https:\/\/informateesquina.com\/wp-content\/uploads\/2022\/06\/165916.jpg_nota-300x200.jpg\" alt=\"\" width=\"300\" height=\"200\" srcset=\"http:\/\/informateesquina.com\/wp-content\/uploads\/2022\/06\/165916.jpg_nota-300x200.jpg 300w, http:\/\/informateesquina.com\/wp-content\/uploads\/2022\/06\/165916.jpg_nota.jpg 700w\" sizes=\"auto, (max-width: 300px) 100vw, 300px\" \/><\/p>\n<p><strong>\u00bfC\u00d3MO TERMINAN INVOLUCRADOS LA PAREJA Y LA SUEGRA DE LA V\u00cdCTIMA?<\/strong><\/p>\n<p>Stella Maris Ram\u00edrez\u00a0 era\u00a0oriunda de la provincia de Chaco,\u00a0Carlos Entivero (36),\u00a0 su pareja era correntino al igual que su mam\u00e1 Amelia Itat\u00ed Lezcano (53). La pareja ten\u00eda una hija de 5 a\u00f1os y viv\u00eda en Buenos Aires.<\/p>\n<p>Pese a que Ram\u00edrez estaba perdida hace varias semanas fue su familia que vive en Chaco\u00a0quien denunci\u00f3 su desaparici\u00f3n gracias a que sus amigos y vecinos le avisaron que no ten\u00edan\u00a0rastros de ella.<\/p>\n<p>En la casa de la joven, los pesquisas hallaron mediante el reactivo luminol rastros de sangre en la pared de una habitaci\u00f3n, en la parte trasera de una camioneta y en el lavarropas, adem\u00e1s de tomar muestras para ser analizadas con el fin de determinar si pertenec\u00edan a la desaparecida.<\/p>\n<p><img loading=\"lazy\" decoding=\"async\" class=\"alignnone size-medium wp-image-54710\" src=\"https:\/\/informateesquina.com\/wp-content\/uploads\/2022\/06\/833321.jpg_nota-300x169.jpg\" alt=\"\" width=\"300\" height=\"169\" srcset=\"http:\/\/informateesquina.com\/wp-content\/uploads\/2022\/06\/833321.jpg_nota-300x169.jpg 300w, http:\/\/informateesquina.com\/wp-content\/uploads\/2022\/06\/833321.jpg_nota.jpg 700w\" sizes=\"auto, (max-width: 300px) 100vw, 300px\" \/><\/p>\n<p>Ante esta circunstancia, el fiscal Guti\u00e9rres dispuso el arresto de Entivero, quien tambi\u00e9n se neg\u00f3 a declarar, y pidi\u00f3 la detenci\u00f3n de su madre para determinar el grado de participaci\u00f3n en el hecho.<\/p>\n<p>&#8220;Vecinos declararon que Lezcano fue la casa de su hijo d\u00edas despu\u00e9s a la desaparici\u00f3n de Ram\u00edrez, lav\u00f3 ropa y volvi\u00f3 a Corrientes&#8221;, dijo un vocero encargado de la pesquisa. Al respecto, Mar\u00eda Estela Ram\u00edrez, madre de la joven desaparecida, declar\u00f3 que su yerno &#8220;es un hombre violento&#8221; y que su madre fue c\u00f3mplice del hecho.<\/p>\n<p>La mujer sostuvo que el d\u00eda de la desaparici\u00f3n de su hija, la madre del marido viaj\u00f3 desde Corrientes a Lima, en lo que sospecha fue para ayudarlo a deshacerse de evidencias.<\/p>\n<p>Por \u00faltimo, la pareja tuvo una hija que ahora tiene 8\u00a0 a\u00f1os y que qued\u00f3 a resguardo de los abuelos maternos.<\/p>\n<\/div>\n","protected":false},"excerpt":{"rendered":"<p>El Tribunal Oral en lo Criminal N\u00ba 1 de la Provincia de Buenos Aires conden\u00f3 este mi\u00e9rcoles al correntino Carlos Hern\u00e1n Entivero (39), oriundo de San Roque, y a\u00a0 su madre, Amelia Itat\u00ed Lezcano (56),\u00a0\u00a0a cadena perpetua por el\u00a0\u00a0femicidio de la joven chaque\u00f1a Stella Maris Ram\u00edrez (26). Ambos estaban acusados de ser coautores del delito [&hellip;]<\/p>\n","protected":false},"author":3,"featured_media":54708,"comment_status":"open","ping_status":"open","sticky":false,"template":"","format":"standard","meta":{"footnotes":""},"categories":[10,11],"tags":[136],"class_list":["post-54707","post","type-post","status-publish","format-standard","has-post-thumbnail","hentry","category-provinciales","category-sociedad","tag-destacados"],"_links":{"self":[{"href":"http:\/\/informateesquina.com\/index.php?rest_route=\/wp\/v2\/posts\/54707","targetHints":{"allow":["GET"]}}],"collection":[{"href":"http:\/\/informateesquina.com\/index.php?rest_route=\/wp\/v2\/posts"}],"about":[{"href":"http:\/\/informateesquina.com\/index.php?rest_route=\/wp\/v2\/types\/post"}],"author":[{"embeddable":true,"href":"http:\/\/informateesquina.com\/index.php?rest_route=\/wp\/v2\/users\/3"}],"replies":[{"embeddable":true,"href":"http:\/\/informateesquina.com\/index.php?rest_route=%2Fwp%2Fv2%2Fcomments&post=54707"}],"version-history":[{"count":0,"href":"http:\/\/informateesquina.com\/index.php?rest_route=\/wp\/v2\/posts\/54707\/revisions"}],"wp:featuredmedia":[{"embeddable":true,"href":"http:\/\/informateesquina.com\/index.php?rest_route=\/wp\/v2\/media\/54708"}],"wp:attachment":[{"href":"http:\/\/informateesquina.com\/index.php?rest_route=%2Fwp%2Fv2%2Fmedia&parent=54707"}],"wp:term":[{"taxonomy":"category","embeddable":true,"href":"http:\/\/informateesquina.com\/index.php?rest_route=%2Fwp%2Fv2%2Fcategories&post=54707"},{"taxonomy":"post_tag","embeddable":true,"href":"http:\/\/informateesquina.com\/index.php?rest_route=%2Fwp%2Fv2%2Ftags&post=54707"}],"curies":[{"name":"wp","href":"https:\/\/api.w.org\/{rel}","templated":true}]}}