{"id":54713,"date":"2022-06-30T16:30:16","date_gmt":"2022-06-30T19:30:16","guid":{"rendered":"https:\/\/informateesquina.com\/?p=54713"},"modified":"2022-06-30T16:30:16","modified_gmt":"2022-06-30T19:30:16","slug":"arranca-el-debate-por-la-supuesta-venta-de-vacunas-contra-el-covid-19","status":"publish","type":"post","link":"http:\/\/informateesquina.com\/?p=54713","title":{"rendered":"Arranca el debate por la supuesta venta de vacunas contra el Covid-19"},"content":{"rendered":"<div>\n<p class=\"copete\">En 2021 la ciudad de Esquina era noticia de tapa de todos los medios locales por la supuesta venta de vacunas. Al menos dos trabajadores de la salud y un comerciante hab\u00edan sido detenidos en el marco de una investigaci\u00f3n por la presunta venta ilegal de vacunas contra el coronavirus en plena segunda ola de contagios.<\/p>\n<\/div>\n<div class=\"cuerpo\">\n<p>El gobierno de la provincia fue el que le solicit\u00f3 a la Fiscal\u00eda de Instrucci\u00f3n Penal de esta localidad,\u00a0la apertura de una causa, tras tomar conocimiento del manejo irregular de las dosis por parte de algunos empleados del\u00a0Hospital San Roque,\u00a0que supuestamente las comercializaban en el mercado negro.<\/p>\n<p>En ese momento el fiscal\u00a0Javier Mosquera, quien decret\u00f3 el secreto de sumario, dispuso\u00a0 una serie de allanamientos y habr\u00eda ordenado\u00a0la detenci\u00f3n de un enfermero, de la responsable de cuidar el suministro de vacunas en ese establecimiento y de un comerciante.<\/p>\n<p>Todas estas personas estar\u00edan vinculadas con el ofrecimiento de estas inyecciones contra el COVID-19 que, seg\u00fan trascendi\u00f3, se ofrec\u00edan a los compradores\u00a0por montos que alcanzaban los $8000 en el caso de las Sputnik V y hasta los 9000 pesos, si se trataba de las de Sinopharm.<\/p>\n<p>El director del Hospital San Roque,\u00a0Leandro Ram\u00edrez, formaliz\u00f3 la denuncia, tras la cual el fiscal Mosquera determin\u00f3 allanamientos en al menos dos domicilios, uno situado en el barrio Bicentenario y otro, sobre la Ruta 12, donde fueron detenidos el enfermero y el comerciante.<\/p>\n<\/div>\n","protected":false},"excerpt":{"rendered":"<p>En 2021 la ciudad de Esquina era noticia de tapa de todos los medios locales por la supuesta venta de vacunas. Al menos dos trabajadores de la salud y un comerciante hab\u00edan sido detenidos en el marco de una investigaci\u00f3n por la presunta venta ilegal de vacunas contra el coronavirus en plena segunda ola de [&hellip;]<\/p>\n","protected":false},"author":3,"featured_media":54714,"comment_status":"open","ping_status":"open","sticky":false,"template":"","format":"standard","meta":{"footnotes":""},"categories":[6,10,11],"tags":[136],"class_list":["post-54713","post","type-post","status-publish","format-standard","has-post-thumbnail","hentry","category-locales","category-provinciales","category-sociedad","tag-destacados"],"_links":{"self":[{"href":"http:\/\/informateesquina.com\/index.php?rest_route=\/wp\/v2\/posts\/54713","targetHints":{"allow":["GET"]}}],"collection":[{"href":"http:\/\/informateesquina.com\/index.php?rest_route=\/wp\/v2\/posts"}],"about":[{"href":"http:\/\/informateesquina.com\/index.php?rest_route=\/wp\/v2\/types\/post"}],"author":[{"embeddable":true,"href":"http:\/\/informateesquina.com\/index.php?rest_route=\/wp\/v2\/users\/3"}],"replies":[{"embeddable":true,"href":"http:\/\/informateesquina.com\/index.php?rest_route=%2Fwp%2Fv2%2Fcomments&post=54713"}],"version-history":[{"count":0,"href":"http:\/\/informateesquina.com\/index.php?rest_route=\/wp\/v2\/posts\/54713\/revisions"}],"wp:featuredmedia":[{"embeddable":true,"href":"http:\/\/informateesquina.com\/index.php?rest_route=\/wp\/v2\/media\/54714"}],"wp:attachment":[{"href":"http:\/\/informateesquina.com\/index.php?rest_route=%2Fwp%2Fv2%2Fmedia&parent=54713"}],"wp:term":[{"taxonomy":"category","embeddable":true,"href":"http:\/\/informateesquina.com\/index.php?rest_route=%2Fwp%2Fv2%2Fcategories&post=54713"},{"taxonomy":"post_tag","embeddable":true,"href":"http:\/\/informateesquina.com\/index.php?rest_route=%2Fwp%2Fv2%2Ftags&post=54713"}],"curies":[{"name":"wp","href":"https:\/\/api.w.org\/{rel}","templated":true}]}}