{"id":54717,"date":"2022-06-30T17:04:17","date_gmt":"2022-06-30T20:04:17","guid":{"rendered":"https:\/\/informateesquina.com\/?p=54717"},"modified":"2022-06-30T17:04:17","modified_gmt":"2022-06-30T20:04:17","slug":"este-jueves-termina-la-doble-indemnizacion-y-el-gobierno-analiza-no-renovarla","status":"publish","type":"post","link":"http:\/\/informateesquina.com\/?p=54717","title":{"rendered":"Este jueves termina la doble indemnizaci\u00f3n y el Gobierno analiza no renovarla"},"content":{"rendered":"<div class=\"row\">\n<div class=\"col-12 col-md-12 col-lg-8\">\n<section class=\"detail-body content-protected-false\">\n<div class=\"detail-gallery\">\n<div class=\"gallery lite\">\n<div class=\"itemGallery classid7650697\">\n<div class=\"gallery-slide\">El gobierno de Alberto Fern\u00e1ndez\u00a0analiza por estas horas la posibilidad de\u00a0poner fin a la\u00a0doble indemnizaci\u00f3n. La medida hab\u00eda sido implementada en el inicio de la pandemia de coronavirus Covid-19 con el prop\u00f3sito de preservar los puestos de trabajo en medio del parate econ\u00f3mico que signific\u00f3 la cuarentena.<\/div>\n<\/div>\n<\/div>\n<\/div>\n<\/section>\n<section class=\"detail-body second-paragraph\">\n<section class=\"body-content note-body content-protected-false\">\n<section class=\"detail-body second-paragraph\">\n<section class=\"body-content note-body content-protected-false\">En conferencia de prensa la portavoz del Gobierno, <strong>Gabriela Cerruti<\/strong>, explic\u00f3 que<span id=\"saysCMSEmphasisnb39m86eef\" class=\"saysCMSEmphasis\">\u00a0&#8220;el crecimiento del empleo nos permite considerar que hay una nueva situaci\u00f3n&#8221;<\/span>.<\/p>\n<\/section>\n<\/section>\n<\/section>\n<\/section>\n<section class=\"detail-body\">\n<section class=\"body-content note-body content-protected-false\">La indemnizaci\u00f3n suplementaria del 25% sobre el monto inicial por despidos injustificados finaliza este jueves 30 de junio. En relaci\u00f3n a la medida, desde el Gobierno<span id=\"saysCMSEmphasis5bwx266dgi\" class=\"saysCMSEmphasis\">\u00a0se est\u00e1 analizando no extender la vigencia de la norma<\/span>, que fue implementada a trav\u00e9s del Decreto 886\/2021 publicado en el Bolet\u00edn Oficial.<\/p>\n<p>\u201cLa doble indemnizaci\u00f3n fue una medida que se tom\u00f3 durante la pandemia.\u00a0<span id=\"saysCMSEmphasisk87oi5xvros\" class=\"saysCMSEmphasis\">Tenemos n\u00fameros de empleo que muestran que el desempleo sigue bajando, creando empleos 20.000 por mes<\/span>\u201d, destac\u00f3 Cerruti.<\/p>\n<p>De este modo, la portavoz de la Presidencia sostuvo que \u201cese crecimiento del empleo nos permite considerar que hay una nueva situaci\u00f3n\u201d, respecto a la continuidad de la doble indemnizaci\u00f3n, y agreg\u00f3: \u201c<span id=\"saysCMSEmphasis3vng1sy1uoc\" class=\"saysCMSEmphasis\">Tenemos que seguir promoviendo la creaci\u00f3n del empleo formal y las mejores paritarias para los trabajadores,<\/span>\u00a0en las discusiones de cada sector\u201d.<\/p>\n<p>Desde el Gobierno nacional destacaron que<span id=\"saysCMSEmphasis6fzh554y65n\" class=\"saysCMSEmphasis\">\u00a0las cifras de crecimiento de la econom\u00eda siguen sosteni\u00e9ndose, por lo tanto podr\u00edan prescindir de esta herramienta, que permiti\u00f3 amortiguar el efecto negativo de la pandemia\u00a0<\/span>desde 2020. En tanto, desde el Ministerio de Trabajo, no tienen en carpeta extender nuevamente la vigencia ni tampoco est\u00e1 previsto evaluar la situaci\u00f3n en el futuro cercano.<\/p>\n<figure id=\"attachment_54719\" aria-describedby=\"caption-attachment-54719\" style=\"width: 300px\" class=\"wp-caption alignnone\"><img loading=\"lazy\" decoding=\"async\" class=\"size-medium wp-image-54719\" src=\"https:\/\/informateesquina.com\/wp-content\/uploads\/2022\/06\/\u00bfPor-que-faltan-trabajadores-300x200.jpg\" alt=\"\" width=\"300\" height=\"200\" srcset=\"http:\/\/informateesquina.com\/wp-content\/uploads\/2022\/06\/\u00bfPor-que-faltan-trabajadores-300x200.jpg 300w, http:\/\/informateesquina.com\/wp-content\/uploads\/2022\/06\/\u00bfPor-que-faltan-trabajadores-1024x683.jpg 1024w, http:\/\/informateesquina.com\/wp-content\/uploads\/2022\/06\/\u00bfPor-que-faltan-trabajadores-768x512.jpg 768w, http:\/\/informateesquina.com\/wp-content\/uploads\/2022\/06\/\u00bfPor-que-faltan-trabajadores-750x500.jpg 750w, http:\/\/informateesquina.com\/wp-content\/uploads\/2022\/06\/\u00bfPor-que-faltan-trabajadores-1140x760.jpg 1140w, http:\/\/informateesquina.com\/wp-content\/uploads\/2022\/06\/\u00bfPor-que-faltan-trabajadores.jpg 1200w\" sizes=\"auto, (max-width: 300px) 100vw, 300px\" \/><figcaption id=\"caption-attachment-54719\" class=\"wp-caption-text\">Factory workers with face masks protected against corona virus doing quality control of production in factory.<\/figcaption><\/figure>\n<h2>C\u00f3mo funciona la doble indemnizaci\u00f3n<\/h2>\n<p>El objetivo de la medida fue evitar que las empresas echaran personal en momentos en que la crisis heredada del gobierno de\u00a0<strong>Mauricio Macri\u00a0<\/strong>y profundizada por la pandemia de Covid-19 impactaba con fuerza en el empleo. A trav\u00e9s del Decreto 886\/2021, se prorrog\u00f3 hasta este jueves 30 de junio, como herramienta que estableci\u00f3 que en caso de despido sin causa, el trabajador tiene derecho a percibir, adem\u00e1s de la indemnizaci\u00f3n correspondiente de conformidad con la legislaci\u00f3n aplicable, un monto adicional.<\/p>\n<p>Ese monto extra fue equivalente al 75% del monto total hasta el 28 de febrero de 2022. Luego del 50% hasta el 30 de abril de 2022, y por \u00faltimo del 25% hasta este 30 de junio. Si no se renueva, a partir del 1\u00b0 de julio, pasar\u00e1 a cobrarse solamente el importe indemnizatorio correspondiente de acuerdo a le Ley de Contratos de Trabajo.<\/p>\n<\/section>\n<\/section>\n<\/div>\n<\/div>\n","protected":false},"excerpt":{"rendered":"<p>El gobierno de Alberto Fern\u00e1ndez\u00a0analiza por estas horas la posibilidad de\u00a0poner fin a la\u00a0doble indemnizaci\u00f3n. La medida hab\u00eda sido implementada en el inicio de la pandemia de coronavirus Covid-19 con el prop\u00f3sito de preservar los puestos de trabajo en medio del parate econ\u00f3mico que signific\u00f3 la cuarentena. En conferencia de prensa la portavoz del Gobierno, [&hellip;]<\/p>\n","protected":false},"author":3,"featured_media":54718,"comment_status":"open","ping_status":"open","sticky":false,"template":"","format":"standard","meta":{"footnotes":""},"categories":[10,11],"tags":[],"class_list":["post-54717","post","type-post","status-publish","format-standard","has-post-thumbnail","hentry","category-provinciales","category-sociedad"],"_links":{"self":[{"href":"http:\/\/informateesquina.com\/index.php?rest_route=\/wp\/v2\/posts\/54717","targetHints":{"allow":["GET"]}}],"collection":[{"href":"http:\/\/informateesquina.com\/index.php?rest_route=\/wp\/v2\/posts"}],"about":[{"href":"http:\/\/informateesquina.com\/index.php?rest_route=\/wp\/v2\/types\/post"}],"author":[{"embeddable":true,"href":"http:\/\/informateesquina.com\/index.php?rest_route=\/wp\/v2\/users\/3"}],"replies":[{"embeddable":true,"href":"http:\/\/informateesquina.com\/index.php?rest_route=%2Fwp%2Fv2%2Fcomments&post=54717"}],"version-history":[{"count":0,"href":"http:\/\/informateesquina.com\/index.php?rest_route=\/wp\/v2\/posts\/54717\/revisions"}],"wp:featuredmedia":[{"embeddable":true,"href":"http:\/\/informateesquina.com\/index.php?rest_route=\/wp\/v2\/media\/54718"}],"wp:attachment":[{"href":"http:\/\/informateesquina.com\/index.php?rest_route=%2Fwp%2Fv2%2Fmedia&parent=54717"}],"wp:term":[{"taxonomy":"category","embeddable":true,"href":"http:\/\/informateesquina.com\/index.php?rest_route=%2Fwp%2Fv2%2Fcategories&post=54717"},{"taxonomy":"post_tag","embeddable":true,"href":"http:\/\/informateesquina.com\/index.php?rest_route=%2Fwp%2Fv2%2Ftags&post=54717"}],"curies":[{"name":"wp","href":"https:\/\/api.w.org\/{rel}","templated":true}]}}