{"id":54740,"date":"2022-07-01T15:37:53","date_gmt":"2022-07-01T18:37:53","guid":{"rendered":"https:\/\/informateesquina.com\/?p=54740"},"modified":"2022-07-01T15:37:53","modified_gmt":"2022-07-01T18:37:53","slug":"se-estrello-un-avion-sanitario-en-el-aeropuerto-de-rio-grande-hay-cuatro-muertos","status":"publish","type":"post","link":"http:\/\/informateesquina.com\/?p=54740","title":{"rendered":"Se estrell\u00f3 un avi\u00f3n sanitario en el aeropuerto de R\u00edo Grande: hay cuatro muertos"},"content":{"rendered":"<p>Un avi\u00f3n sanitario\u00a0<strong>se estrell\u00f3 en el aeropuerto\u00a0<\/strong>de R\u00edo Grande, en Tierra del Fuego, y murieron las cuatro personas que viajaban en la aeronave.<\/p>\n<p>Seg\u00fan pudo saber\u00a0<strong>Clar\u00edn<\/strong>, entre las v\u00edctimas est\u00e1n los dos pilotos, un m\u00e9dico y un enfermero que hab\u00edan dejado un paciente en la ciudad y hab\u00edan despegado con destino a Buenos Aires.<\/p>\n<div class=\"jeg_video_container jeg_video_content\"><iframe loading=\"lazy\" title=\"Tragedia en R\u00edo Grande I Se estrell\u00f3 un avi\u00f3n sanitario en el aeropuerto. Hay 4 muertos\" width=\"500\" height=\"281\" src=\"https:\/\/www.youtube.com\/embed\/Ysi2TTDbjdU?feature=oembed\" frameborder=\"0\" allow=\"accelerometer; autoplay; clipboard-write; encrypted-media; gyroscope; picture-in-picture; web-share\" referrerpolicy=\"strict-origin-when-cross-origin\" allowfullscreen><\/iframe><\/div>\n<p>De acuerdo a los primeros datos que se conocen del accidente, el avi\u00f3n perdi\u00f3 el control apenas despeg\u00f3 y golpe\u00f3 contra una empalizada.<\/p>\n<p>El avion hab\u00eda trasladado a un ni\u00f1o, paciente del la Cl\u00ednica CEMEP, un centro de salud privado muy conocido de la ciudad. Lo hab\u00edan llevado desde Buenos Aires a Tierra del Fuego y se preparaban para volver a Capital Federal.<\/p>\n<p>Seg\u00fan se conoci\u00f3 del plan de vuelo, la aeronave despeg\u00f3\u00a08:45 del aeropuerto de San Fernando (provincia de Buenos Aires), hizo una escala en Comodoro Rivadavia y finalmente arrib\u00f3\u00a0a Rio Grande.<\/p>\n<p>El avi\u00f3n accidentado era una unidad sanitaria marca Learjet modelo 35 de la empresa Flying America.<\/p>\n","protected":false},"excerpt":{"rendered":"<p>Un avi\u00f3n sanitario\u00a0se estrell\u00f3 en el aeropuerto\u00a0de R\u00edo Grande, en Tierra del Fuego, y murieron las cuatro personas que viajaban en la aeronave. Seg\u00fan pudo saber\u00a0Clar\u00edn, entre las v\u00edctimas est\u00e1n los dos pilotos, un m\u00e9dico y un enfermero que hab\u00edan dejado un paciente en la ciudad y hab\u00edan despegado con destino a Buenos Aires. De [&hellip;]<\/p>\n","protected":false},"author":3,"featured_media":54741,"comment_status":"open","ping_status":"open","sticky":false,"template":"","format":"standard","meta":{"footnotes":""},"categories":[7,11],"tags":[136],"class_list":["post-54740","post","type-post","status-publish","format-standard","has-post-thumbnail","hentry","category-nacionales","category-sociedad","tag-destacados"],"_links":{"self":[{"href":"http:\/\/informateesquina.com\/index.php?rest_route=\/wp\/v2\/posts\/54740","targetHints":{"allow":["GET"]}}],"collection":[{"href":"http:\/\/informateesquina.com\/index.php?rest_route=\/wp\/v2\/posts"}],"about":[{"href":"http:\/\/informateesquina.com\/index.php?rest_route=\/wp\/v2\/types\/post"}],"author":[{"embeddable":true,"href":"http:\/\/informateesquina.com\/index.php?rest_route=\/wp\/v2\/users\/3"}],"replies":[{"embeddable":true,"href":"http:\/\/informateesquina.com\/index.php?rest_route=%2Fwp%2Fv2%2Fcomments&post=54740"}],"version-history":[{"count":0,"href":"http:\/\/informateesquina.com\/index.php?rest_route=\/wp\/v2\/posts\/54740\/revisions"}],"wp:featuredmedia":[{"embeddable":true,"href":"http:\/\/informateesquina.com\/index.php?rest_route=\/wp\/v2\/media\/54741"}],"wp:attachment":[{"href":"http:\/\/informateesquina.com\/index.php?rest_route=%2Fwp%2Fv2%2Fmedia&parent=54740"}],"wp:term":[{"taxonomy":"category","embeddable":true,"href":"http:\/\/informateesquina.com\/index.php?rest_route=%2Fwp%2Fv2%2Fcategories&post=54740"},{"taxonomy":"post_tag","embeddable":true,"href":"http:\/\/informateesquina.com\/index.php?rest_route=%2Fwp%2Fv2%2Ftags&post=54740"}],"curies":[{"name":"wp","href":"https:\/\/api.w.org\/{rel}","templated":true}]}}