{"id":54743,"date":"2022-07-04T14:02:32","date_gmt":"2022-07-04T17:02:32","guid":{"rendered":"https:\/\/informateesquina.com\/?p=54743"},"modified":"2022-07-04T14:02:32","modified_gmt":"2022-07-04T17:02:32","slug":"corrientes-hallaron-sin-vida-a-un-hombre-en-una-vivienda-de-pleno-centro","status":"publish","type":"post","link":"http:\/\/informateesquina.com\/?p=54743","title":{"rendered":"Corrientes: Hallaron sin vida a un hombre en una vivienda de pleno centro"},"content":{"rendered":"<div>\n<p class=\"copete\">El cronista de Radio Sudamericana inform\u00f3 que esta ma\u00f1ana en una vivienda ubicada sobre calle 9 de Julio en la intersecci\u00f3n con la calle La Rioja, encontraron el cuerpo sin vida de un hombre de 65 a\u00f1os.<\/p>\n<\/div>\n<div class=\"cuerpo\">\n<p><a class=\"fotos-desarrollo unlink\" title=\"Hallaron sin vida a un hombre en una vivienda de pleno centro\" href=\"https:\/\/www.radiosudamericana.com\/notix\/multimedia\/imagenes\/fotos\/2022-07-04\/856503.jpg\"><img decoding=\"async\" class=\"img-responsive\" src=\"https:\/\/www.radiosudamericana.com\/notix\/multimedia\/imagenes\/fotos\/2022-07-04\/856503.jpg_nota.jpg\" \/><\/a><\/p>\n<p>De acuerdo a los primeros datos el fallecido fue identificado con el apellido Burichiaga, de nacionalidad espa\u00f1ola. Las causas de la muerte serian por causas naturales.<\/p>\n<\/div>\n","protected":false},"excerpt":{"rendered":"<p>El cronista de Radio Sudamericana inform\u00f3 que esta ma\u00f1ana en una vivienda ubicada sobre calle 9 de Julio en la intersecci\u00f3n con la calle La Rioja, encontraron el cuerpo sin vida de un hombre de 65 a\u00f1os. De acuerdo a los primeros datos el fallecido fue identificado con el apellido Burichiaga, de nacionalidad espa\u00f1ola. Las [&hellip;]<\/p>\n","protected":false},"author":3,"featured_media":54744,"comment_status":"open","ping_status":"open","sticky":false,"template":"","format":"standard","meta":{"footnotes":""},"categories":[10,11],"tags":[136],"class_list":["post-54743","post","type-post","status-publish","format-standard","has-post-thumbnail","hentry","category-provinciales","category-sociedad","tag-destacados"],"_links":{"self":[{"href":"http:\/\/informateesquina.com\/index.php?rest_route=\/wp\/v2\/posts\/54743","targetHints":{"allow":["GET"]}}],"collection":[{"href":"http:\/\/informateesquina.com\/index.php?rest_route=\/wp\/v2\/posts"}],"about":[{"href":"http:\/\/informateesquina.com\/index.php?rest_route=\/wp\/v2\/types\/post"}],"author":[{"embeddable":true,"href":"http:\/\/informateesquina.com\/index.php?rest_route=\/wp\/v2\/users\/3"}],"replies":[{"embeddable":true,"href":"http:\/\/informateesquina.com\/index.php?rest_route=%2Fwp%2Fv2%2Fcomments&post=54743"}],"version-history":[{"count":0,"href":"http:\/\/informateesquina.com\/index.php?rest_route=\/wp\/v2\/posts\/54743\/revisions"}],"wp:featuredmedia":[{"embeddable":true,"href":"http:\/\/informateesquina.com\/index.php?rest_route=\/wp\/v2\/media\/54744"}],"wp:attachment":[{"href":"http:\/\/informateesquina.com\/index.php?rest_route=%2Fwp%2Fv2%2Fmedia&parent=54743"}],"wp:term":[{"taxonomy":"category","embeddable":true,"href":"http:\/\/informateesquina.com\/index.php?rest_route=%2Fwp%2Fv2%2Fcategories&post=54743"},{"taxonomy":"post_tag","embeddable":true,"href":"http:\/\/informateesquina.com\/index.php?rest_route=%2Fwp%2Fv2%2Ftags&post=54743"}],"curies":[{"name":"wp","href":"https:\/\/api.w.org\/{rel}","templated":true}]}}