{"id":54749,"date":"2022-07-04T14:08:35","date_gmt":"2022-07-04T17:08:35","guid":{"rendered":"https:\/\/informateesquina.com\/?p=54749"},"modified":"2022-07-04T14:08:35","modified_gmt":"2022-07-04T17:08:35","slug":"tarjeta-alimentar-confirmado-fechas-de-cobro-julio-2022","status":"publish","type":"post","link":"http:\/\/informateesquina.com\/?p=54749","title":{"rendered":"Tarjeta Alimentar: confirmado, fechas de cobro julio 2022"},"content":{"rendered":"<div>\n<p class=\"copete\">El Ministerio de Desarrollo Social y la Administraci\u00f3n Nacional de la Seguridad Social (ANSES) activaron la recarga del saldo de la Tarjeta Alimentar que alcanza a titulares de prestaciones sociales como la Asignaci\u00f3n Universal por Hijo (AUH).<\/p>\n<\/div>\n<div class=\"cuerpo\">\n<p>Sin\u00a0IFE 4,\u00a0el organismo que dirige\u00a0Fernanda Raverta\u00a0confirm\u00f3 el calendario de cobros de julio 2022 del\u00a0Programa Alimentar\u00a0que depende de la cartera conducida por\u00a0Juan Zabaleta.<\/p>\n<h2><strong>QU\u00c9 ES LA TARJETA ALIMENTAR Y A QUI\u00c9NES EST\u00c1 DIRIGIDO<\/strong><\/h2>\n<p>Es una herramienta que otorga el Estado nacional a determinados beneficiarios de ANSES con el objetivo de acceder a la\u00a0canasta b\u00e1sica alimentaria.\u00a0Est\u00e1 destinada a los siguientes grupos:<\/p>\n<ul>\n<li>Madres o padres con hijos e hijas de hasta 14 a\u00f1os de edad que reciben la AUH.<\/li>\n<li>Embarazadas a partir de los 3 meses que cobran la asignaci\u00f3n por embarazo.<\/li>\n<li>Personas con discapacidad que reciben la AUH.<\/li>\n<li>Madres con 7 hijos o m\u00e1s que perciben Pensiones No Contributivas.<\/li>\n<\/ul>\n<p><a class=\"fotos-desarrollo unlink\" title=\"Tarjeta Alimentar: confirmado, fechas de cobro julio 2022\" href=\"https:\/\/www.radiosudamericana.com\/notix\/multimedia\/imagenes\/fotos\/2022-07-04\/431146.jpg\"><img decoding=\"async\" class=\"img-responsive\" src=\"https:\/\/www.radiosudamericana.com\/notix\/multimedia\/imagenes\/fotos\/2022-07-04\/431146.jpg_nota.jpg\" \/><\/a><\/p>\n<h2><strong>TARJETA ALIMENTAR CU\u00c1NDO COBRO JULIO 2022: ASIGNACI\u00d3N UNIVERSAL POR HIJO (AUH)<\/strong><\/h2>\n<p>Las y los titulares de la AUH con hijos e hijas de hasta 14 a\u00f1os recibir\u00e1n la recarga de la Tarjeta Alimentar en las siguientes fechas:<\/p>\n<ul>\n<li>DNI terminados en 0: viernes 8 de julio<\/li>\n<li>DNI terminados en 1: lunes 11 de julio<\/li>\n<li>DNI terminados en 2: martes 12 de julio<\/li>\n<li>DNI terminados en 3: mi\u00e9rcoles 13 de julio<\/li>\n<li>DNI terminados en 4: jueves 14 de julio<\/li>\n<li>DNI terminados en 5: viernes 15 de julio<\/li>\n<li>DNI terminados en 6: lunes 18 de julio<\/li>\n<li>DNI terminados en 7: martes 19 de julio<\/li>\n<li>DNI terminados en 8: mi\u00e9rcoles 20 de julio<\/li>\n<li>DNI terminados en 9: jueves 21 de julio<\/li>\n<\/ul>\n<p><a class=\"fotos-desarrollo unlink\" title=\"Tarjeta Alimentar: confirmado, fechas de cobro julio 2022\" href=\"https:\/\/www.radiosudamericana.com\/notix\/multimedia\/imagenes\/fotos\/2022-07-04\/685171.jpg\"><img decoding=\"async\" class=\"img-responsive\" src=\"https:\/\/www.radiosudamericana.com\/notix\/multimedia\/imagenes\/fotos\/2022-07-04\/685171.jpg_nota.jpg\" \/><\/a><\/p>\n<p>Estas fechas de cobro coinciden con el pago de la AUH de julio 2022; por lo tanto, las y los beneficiarios de este grupo recibir\u00e1n un pago extra.<\/p>\n<h2><strong>FECHA DE COBRO TARJETA ALIMENTAR JULIO 2022: ASIGNACI\u00d3N POR EMBARAZO (AUE)<\/strong><\/h2>\n<p>Las beneficiarias de la AUE recibir\u00e1n la recarga de la Tarjeta alimentar en las mismas fechas que el cobro del monto de la asignaci\u00f3n que corresponde a julio 2022.<\/p>\n<ul>\n<li>DNI terminados en 0: lunes 11 de julio<\/li>\n<li>DNI terminados en 1:martes 12 de julio<\/li>\n<li>DNI terminados en 2: mi\u00e9rcoles 13 de julio<\/li>\n<li>DNI terminados en 3: jueves 14 de julio<\/li>\n<li>DNI terminados en 4: viernes 15 de julio<\/li>\n<li>DNI terminados en 5: lunes 18 de julio<\/li>\n<li>DNI terminados en 6: martes 19 de julio<\/li>\n<li>DNI terminados en 7: mi\u00e9rcoles 20 de julio<\/li>\n<li>DNI terminados en 8: jueves 21 de julio<\/li>\n<li>DNI terminados en 9: viernes 22 de julio<\/li>\n<\/ul>\n<p>&nbsp;<\/p>\n<div id=\"leermas\">\n<div><b>Seguir Leyendo:<\/b><\/div>\n<div class=\"mitad\"><a class=\"leermas\" href=\"https:\/\/www.radiosudamericana.com\/nota\/economia\/274186-Programa-Hogar-ANSES--cuales-son-los-montos-y-requisitos.htm\" target=\"_blank\" rel=\"noopener\"><img decoding=\"async\" src=\"https:\/\/www.radiosudamericana.com\/multimedia\/imagenes\/fotos\/2022-06-28\/422254.jpg_crop.jpg_tb.jpg\" align=\"left\" \/>Programa Hogar ANSES: cu\u00e1les son los montos y requisitos<\/a><\/div>\n<div class=\"mitad\"><a class=\"leermas\" href=\"https:\/\/www.radiosudamericana.com\/nota\/sociedad\/274369-Como-gestionar-tablets-gratis-para-jubilados-y-beneficiarios-de-Anses.htm\" target=\"_blank\" rel=\"noopener\"><img decoding=\"async\" src=\"https:\/\/www.radiosudamericana.com\/multimedia\/imagenes\/fotos\/2022-07-01\/163395.jpg_crop.jpg_tb.jpg\" align=\"left\" \/>C\u00f3mo gestionar tablets gratis para jubilados y beneficiarios de Anses<\/a><\/div>\n<\/div>\n<p>&nbsp;<\/p>\n<p><strong>TARJETA ALIMENTAR CU\u00c1NDO COBRO JULIO 2022: MADRES DE 7 HIJOS CON PENSIONES NO CONTRIBUTIVAS<\/strong><\/p>\n<p>Las beneficiarias de las PNC recibir\u00e1n la recarga de la Tarjeta Alimentar el mismo d\u00eda que cobrar\u00e1n la liquidaci\u00f3n de la pensi\u00f3n correspondiente a julio 2022.<\/p>\n<ul>\n<li>DNI terminados en 0 y 1: viernes 1 de julio<\/li>\n<li>DNI terminados en 2 y 3: lunes 4 de julio<\/li>\n<li>DNI terminados en 4 y 5: martes 5 de julio<\/li>\n<li>DNI terminados en 6 y 7: mi\u00e9rcoles 6 de julio<\/li>\n<li>DNI terminados en 8 y 9: jueves 7 de julio<\/li>\n<\/ul>\n<\/div>\n","protected":false},"excerpt":{"rendered":"<p>El Ministerio de Desarrollo Social y la Administraci\u00f3n Nacional de la Seguridad Social (ANSES) activaron la recarga del saldo de la Tarjeta Alimentar que alcanza a titulares de prestaciones sociales como la Asignaci\u00f3n Universal por Hijo (AUH). Sin\u00a0IFE 4,\u00a0el organismo que dirige\u00a0Fernanda Raverta\u00a0confirm\u00f3 el calendario de cobros de julio 2022 del\u00a0Programa Alimentar\u00a0que depende de la [&hellip;]<\/p>\n","protected":false},"author":3,"featured_media":54750,"comment_status":"open","ping_status":"open","sticky":false,"template":"","format":"standard","meta":{"footnotes":""},"categories":[7,10,11],"tags":[],"class_list":["post-54749","post","type-post","status-publish","format-standard","has-post-thumbnail","hentry","category-nacionales","category-provinciales","category-sociedad"],"_links":{"self":[{"href":"http:\/\/informateesquina.com\/index.php?rest_route=\/wp\/v2\/posts\/54749","targetHints":{"allow":["GET"]}}],"collection":[{"href":"http:\/\/informateesquina.com\/index.php?rest_route=\/wp\/v2\/posts"}],"about":[{"href":"http:\/\/informateesquina.com\/index.php?rest_route=\/wp\/v2\/types\/post"}],"author":[{"embeddable":true,"href":"http:\/\/informateesquina.com\/index.php?rest_route=\/wp\/v2\/users\/3"}],"replies":[{"embeddable":true,"href":"http:\/\/informateesquina.com\/index.php?rest_route=%2Fwp%2Fv2%2Fcomments&post=54749"}],"version-history":[{"count":0,"href":"http:\/\/informateesquina.com\/index.php?rest_route=\/wp\/v2\/posts\/54749\/revisions"}],"wp:featuredmedia":[{"embeddable":true,"href":"http:\/\/informateesquina.com\/index.php?rest_route=\/wp\/v2\/media\/54750"}],"wp:attachment":[{"href":"http:\/\/informateesquina.com\/index.php?rest_route=%2Fwp%2Fv2%2Fmedia&parent=54749"}],"wp:term":[{"taxonomy":"category","embeddable":true,"href":"http:\/\/informateesquina.com\/index.php?rest_route=%2Fwp%2Fv2%2Fcategories&post=54749"},{"taxonomy":"post_tag","embeddable":true,"href":"http:\/\/informateesquina.com\/index.php?rest_route=%2Fwp%2Fv2%2Ftags&post=54749"}],"curies":[{"name":"wp","href":"https:\/\/api.w.org\/{rel}","templated":true}]}}