{"id":54752,"date":"2022-07-04T14:11:56","date_gmt":"2022-07-04T17:11:56","guid":{"rendered":"https:\/\/informateesquina.com\/?p=54752"},"modified":"2022-07-04T14:11:56","modified_gmt":"2022-07-04T17:11:56","slug":"el-dolar-blue-da-un-fuerte-salto-y-llega-a-280-mientras-la-bolsa-cae-3","status":"publish","type":"post","link":"http:\/\/informateesquina.com\/?p=54752","title":{"rendered":"El d\u00f3lar blue da un fuerte salto y llega a $280, mientras la Bolsa cae 3%"},"content":{"rendered":"<div>\n<p class=\"copete\">En el comienzo de la gesti\u00f3n de Silvina Batakis como ministra de econom\u00eda, el d\u00f3lar blue se ofrece a $ 280 en las primeras operaciones del d\u00eda, un saldo de 41 pesos en el d\u00eda.<\/p>\n<\/div>\n<div class=\"cuerpo\">\n<p>En un mercado con pocas operaciones, escasa oferta y mucho desconcierto, en las cuevas del Microcentro los precios oscilan entre $ 275 y $ 280. Esto lleva la brecha con el oficial a 122%.<\/p>\n<p>Mientras que el d\u00f3lar contado con liqui, el que operan las empresas,\u00a0salta 12,3%, a $ 283,\u00a0en un d\u00eda con muy\u00a0pocas transacciones por el feriado en Estados Unidos. En las primeras operaciones de la rueda,\u00a0el d\u00f3lar MEP, que se negocia en la bolsa porte\u00f1a a trav\u00e9s de la compra venta de bonos y acciones,\u00a0salta a $ 276, una suba de 11,5% en el dia.\u200b<\/p>\n<p>La cotizaci\u00f3n del tipo de cambio informal es la primera reacci\u00f3n concreta tras el cambio de ministros que se produjo con la renuncia de\u00a0Mart\u00edn Guzm\u00e1n\u00a0a su cargo.<\/p>\n<p>El viernes pasado, el d\u00f3lar blue hab\u00eda cerrado a $ 239, mientras que el contado con liqui, el segmento en el que operan las empresas, termin\u00f3 en $ 252.<\/p>\n<p>En las primeras operaciones de un d\u00eda marcado por la incertidumbre, se registran pocas operaciones y con precios dispares, Pero la apertura del blue sigue la evoluci\u00f3n de los precios del &#8220;d\u00f3lar cripto&#8221;, que en el fin de semana llegaron a\u00a0$ 300 en algunas plataformas, aunque termin\u00f3 el domingo en $ 294.<\/p>\n<p><img loading=\"lazy\" decoding=\"async\" class=\"alignnone wp-image-54754 size-full\" src=\"https:\/\/informateesquina.com\/wp-content\/uploads\/2022\/07\/Q5E3LKOVRJAITIZ2YCFSS6652A-scaled.jpg\" alt=\"\" width=\"2560\" height=\"1440\" srcset=\"http:\/\/informateesquina.com\/wp-content\/uploads\/2022\/07\/Q5E3LKOVRJAITIZ2YCFSS6652A-scaled.jpg 2560w, http:\/\/informateesquina.com\/wp-content\/uploads\/2022\/07\/Q5E3LKOVRJAITIZ2YCFSS6652A-300x169.jpg 300w, http:\/\/informateesquina.com\/wp-content\/uploads\/2022\/07\/Q5E3LKOVRJAITIZ2YCFSS6652A-1024x576.jpg 1024w, http:\/\/informateesquina.com\/wp-content\/uploads\/2022\/07\/Q5E3LKOVRJAITIZ2YCFSS6652A-768x432.jpg 768w, http:\/\/informateesquina.com\/wp-content\/uploads\/2022\/07\/Q5E3LKOVRJAITIZ2YCFSS6652A-1536x864.jpg 1536w, http:\/\/informateesquina.com\/wp-content\/uploads\/2022\/07\/Q5E3LKOVRJAITIZ2YCFSS6652A-2048x1152.jpg 2048w, http:\/\/informateesquina.com\/wp-content\/uploads\/2022\/07\/Q5E3LKOVRJAITIZ2YCFSS6652A-750x422.jpg 750w, http:\/\/informateesquina.com\/wp-content\/uploads\/2022\/07\/Q5E3LKOVRJAITIZ2YCFSS6652A-1140x641.jpg 1140w\" sizes=\"auto, (max-width: 2560px) 100vw, 2560px\" \/><\/p>\n<p>Este lunes hay feriado en Estados Unidos por el D\u00eda de la Independencia.\u00a0Esto le quita volumen y referencia al mercado local, que comenzar\u00e1 a operar en los pr\u00f3ximos minutos.<\/p>\n<p>En ese marco, la expectativa est\u00e1 puesta en c\u00f3mo reaccione el mercado local. Sobre las once de la ma\u00f1ana se registran pocas operaciones en el mayorista, a\u00a0$ 126,06, un alza de 60 centavos,\u00a0ligeramente por encima de la correcci\u00f3n habitual de los lunes, que ven\u00eda ubic\u00e1ndose en torno a 50 centavos.<\/p>\n<p>La incertidumbre despierta versiones de que la nueva gesti\u00f3n podr\u00eda arrancar con\u00a0una correcci\u00f3n del tipo de cambio.<\/p>\n<p>\u200bSilvina Batakis asumir\u00e1 hoy a las cinco de la tarde su cargo como ministra de Econom\u00eda. Desde las 8.30 est\u00e1 reunida en la Quinta de Olivos con el presidente\u00a0Alberto Fern\u00e1ndez. A\u00fan no hay informaci\u00f3n acerca de los integrantes del equipo que acompa\u00f1ar\u00e1 a Batakis.<\/p>\n<p>El d\u00f3lar blue hab\u00eda aumentado 33 pesos durante junio, un salto del 15%.En la apertura del\u00a0 mercado local,\u00a0la bolsa porte\u00f1a cae 3%, con bajas de hasta 5% en algunas acciones.<\/p>\n<p>Los bonos en pesos que ajustan por CER caen hasta 3% y los que cotizan en d\u00f3lares\u00a0se hunden hasta 8%,\u00a0como es el caso del AL30, siempre con pocas referencias por el feriado norteamericano.<\/p>\n<\/div>\n","protected":false},"excerpt":{"rendered":"<p>En el comienzo de la gesti\u00f3n de Silvina Batakis como ministra de econom\u00eda, el d\u00f3lar blue se ofrece a $ 280 en las primeras operaciones del d\u00eda, un saldo de 41 pesos en el d\u00eda. En un mercado con pocas operaciones, escasa oferta y mucho desconcierto, en las cuevas del Microcentro los precios oscilan entre [&hellip;]<\/p>\n","protected":false},"author":3,"featured_media":54753,"comment_status":"open","ping_status":"open","sticky":false,"template":"","format":"standard","meta":{"footnotes":""},"categories":[7,10],"tags":[],"class_list":["post-54752","post","type-post","status-publish","format-standard","has-post-thumbnail","hentry","category-nacionales","category-provinciales"],"_links":{"self":[{"href":"http:\/\/informateesquina.com\/index.php?rest_route=\/wp\/v2\/posts\/54752","targetHints":{"allow":["GET"]}}],"collection":[{"href":"http:\/\/informateesquina.com\/index.php?rest_route=\/wp\/v2\/posts"}],"about":[{"href":"http:\/\/informateesquina.com\/index.php?rest_route=\/wp\/v2\/types\/post"}],"author":[{"embeddable":true,"href":"http:\/\/informateesquina.com\/index.php?rest_route=\/wp\/v2\/users\/3"}],"replies":[{"embeddable":true,"href":"http:\/\/informateesquina.com\/index.php?rest_route=%2Fwp%2Fv2%2Fcomments&post=54752"}],"version-history":[{"count":0,"href":"http:\/\/informateesquina.com\/index.php?rest_route=\/wp\/v2\/posts\/54752\/revisions"}],"wp:featuredmedia":[{"embeddable":true,"href":"http:\/\/informateesquina.com\/index.php?rest_route=\/wp\/v2\/media\/54753"}],"wp:attachment":[{"href":"http:\/\/informateesquina.com\/index.php?rest_route=%2Fwp%2Fv2%2Fmedia&parent=54752"}],"wp:term":[{"taxonomy":"category","embeddable":true,"href":"http:\/\/informateesquina.com\/index.php?rest_route=%2Fwp%2Fv2%2Fcategories&post=54752"},{"taxonomy":"post_tag","embeddable":true,"href":"http:\/\/informateesquina.com\/index.php?rest_route=%2Fwp%2Fv2%2Ftags&post=54752"}],"curies":[{"name":"wp","href":"https:\/\/api.w.org\/{rel}","templated":true}]}}