{"id":56294,"date":"2022-10-28T23:39:27","date_gmt":"2022-10-29T02:39:27","guid":{"rendered":"https:\/\/informateesquina.com\/?p=56294"},"modified":"2022-10-28T23:39:27","modified_gmt":"2022-10-29T02:39:27","slug":"la-china-suarez-y-el-polaco-bailando-muy-abrazados-en-un-video","status":"publish","type":"post","link":"http:\/\/informateesquina.com\/?p=56294","title":{"rendered":"La China Su\u00e1rez y el Polaco bailando muy abrazados en un video"},"content":{"rendered":"<div>\n<p class=\"copete\">La China Su\u00e1rez contin\u00faa firme con su carrera como cantante y, ahora lanz\u00f3 su nueva canci\u00f3n &#8220;Ya no quiero verte&#8221;, junto al Polaco. De esta manera, incursiona por primera vez en el ritmo tropical.<\/p>\n<\/div>\n<div class=\"cuerpo\">\n<p>Adem\u00e1s de poner su voz, la artista tambi\u00e9n actu\u00f3 en el videoclip junto a su compa\u00f1ero, con quien interpreta a una pareja en crisis. Hay baile, abrazos y un pol\u00e9mico gesto, aunque sin besos.<\/p>\n<p>\u201cPapi buena suerte, ahora no te quiero, ahora si me quieres, desde que te fuiste ha cambiado mi suerte, baby: ya no quiero verte\u201d, dice ella y hace un gesto muy particular como broche final.<\/p>\n<p>La nueva canci\u00f3n, ya se encuentra disponible en todas las plataformas digitales, al igual que el videoclip que fue grabado en julio, en los estudios Leslie Records.<\/p>\n<p><strong>EL VIDEO DE &#8220;YA NO QUIERO VERTE- EL POLACO Y LA CHINA<\/strong><\/p>\n<p>&nbsp;<\/p>\n<div id=\"embeds\" class=\"inser center-block\"><iframe loading=\"lazy\" title=\"YouTube video player\" src=\"https:\/\/www.youtube.com\/embed\/Fe57a6qpoi0\" width=\"560\" height=\"315\" frameborder=\"0\" allowfullscreen=\"allowfullscreen\" data-mce-fragment=\"1\"><\/iframe><\/div>\n<p>&nbsp;<\/p>\n<\/div>\n","protected":false},"excerpt":{"rendered":"<p>La China Su\u00e1rez contin\u00faa firme con su carrera como cantante y, ahora lanz\u00f3 su nueva canci\u00f3n &#8220;Ya no quiero verte&#8221;, junto al Polaco. De esta manera, incursiona por primera vez en el ritmo tropical. Adem\u00e1s de poner su voz, la artista tambi\u00e9n actu\u00f3 en el videoclip junto a su compa\u00f1ero, con quien interpreta a una [&hellip;]<\/p>\n","protected":false},"author":3,"featured_media":56295,"comment_status":"open","ping_status":"open","sticky":false,"template":"","format":"standard","meta":{"footnotes":""},"categories":[4],"tags":[],"class_list":["post-56294","post","type-post","status-publish","format-standard","has-post-thumbnail","hentry","category-espectaculos"],"_links":{"self":[{"href":"http:\/\/informateesquina.com\/index.php?rest_route=\/wp\/v2\/posts\/56294","targetHints":{"allow":["GET"]}}],"collection":[{"href":"http:\/\/informateesquina.com\/index.php?rest_route=\/wp\/v2\/posts"}],"about":[{"href":"http:\/\/informateesquina.com\/index.php?rest_route=\/wp\/v2\/types\/post"}],"author":[{"embeddable":true,"href":"http:\/\/informateesquina.com\/index.php?rest_route=\/wp\/v2\/users\/3"}],"replies":[{"embeddable":true,"href":"http:\/\/informateesquina.com\/index.php?rest_route=%2Fwp%2Fv2%2Fcomments&post=56294"}],"version-history":[{"count":0,"href":"http:\/\/informateesquina.com\/index.php?rest_route=\/wp\/v2\/posts\/56294\/revisions"}],"wp:featuredmedia":[{"embeddable":true,"href":"http:\/\/informateesquina.com\/index.php?rest_route=\/wp\/v2\/media\/56295"}],"wp:attachment":[{"href":"http:\/\/informateesquina.com\/index.php?rest_route=%2Fwp%2Fv2%2Fmedia&parent=56294"}],"wp:term":[{"taxonomy":"category","embeddable":true,"href":"http:\/\/informateesquina.com\/index.php?rest_route=%2Fwp%2Fv2%2Fcategories&post=56294"},{"taxonomy":"post_tag","embeddable":true,"href":"http:\/\/informateesquina.com\/index.php?rest_route=%2Fwp%2Fv2%2Ftags&post=56294"}],"curies":[{"name":"wp","href":"https:\/\/api.w.org\/{rel}","templated":true}]}}