{"id":56297,"date":"2022-10-28T23:41:10","date_gmt":"2022-10-29T02:41:10","guid":{"rendered":"https:\/\/informateesquina.com\/?p=56297"},"modified":"2022-10-28T23:41:10","modified_gmt":"2022-10-29T02:41:10","slug":"corrientes-decreto-asueto-administrativo-y-escolar-para-el-2-de-noviembre","status":"publish","type":"post","link":"http:\/\/informateesquina.com\/?p=56297","title":{"rendered":"Corrientes decret\u00f3 Asueto Administrativo y Escolar para el 2 de noviembre"},"content":{"rendered":"<div class=\"fotos-y-videos\">\n<p>En dicha norma, el gobernador Vald\u00e9s manifiesta que <strong>\u201ccomparte el profundo significado que para los fieles del pueblo de Corrientes tiene esta conmemoraci\u00f3n que refuerza los eternos v\u00ednculos espirituales con aquellos que ya partieron a la sede Celestial\u201d.<\/strong><\/p>\n<\/div>\n<div class=\"cuerpo\">\n<p>Cabe resaltar que en el presente decreto\u00a0<strong>quedan exceptuadas\u00a0las \u00e1reas de Salud, Seguridad, el Instituto de Cardiolog\u00eda y la Direcci\u00f3n Provincial de Energ\u00eda de Corrientes.<\/strong><\/p>\n<p><strong>Adem\u00e1s, se instruye\u00a0a los titulares de cada ministerio a que dispongan un sistema de guardias a fin de no interrumpir la regularidad y continuidad de la prestaci\u00f3n de los respectivos servicios p\u00fablicos, seg\u00fan sus necesidades, extensi\u00f3n y formas de cubrirlas.<\/strong><\/p>\n<p><strong>EL DECRETO COMPLETO DEL GOBERNADOR DE CORRIENTES<\/strong><\/p>\n<p><a class=\"fotos-desarrollo unlink\" title=\"Corrientes decret\u00f3 Asueto Administrativo y Escolar para el 2 de noviembre\" href=\"https:\/\/www.radiosudamericana.com\/notix\/multimedia\/imagenes\/fotos\/2022-10-28\/166296.jpeg\"><img decoding=\"async\" class=\"img-responsive\" src=\"https:\/\/www.radiosudamericana.com\/notix\/multimedia\/imagenes\/fotos\/2022-10-28\/166296.jpeg_nota.jpeg\" \/><\/a><\/p>\n<\/div>\n","protected":false},"excerpt":{"rendered":"<p>En dicha norma, el gobernador Vald\u00e9s manifiesta que \u201ccomparte el profundo significado que para los fieles del pueblo de Corrientes tiene esta conmemoraci\u00f3n que refuerza los eternos v\u00ednculos espirituales con aquellos que ya partieron a la sede Celestial\u201d. Cabe resaltar que en el presente decreto\u00a0quedan exceptuadas\u00a0las \u00e1reas de Salud, Seguridad, el Instituto de Cardiolog\u00eda y [&hellip;]<\/p>\n","protected":false},"author":3,"featured_media":56298,"comment_status":"open","ping_status":"open","sticky":false,"template":"","format":"standard","meta":{"footnotes":""},"categories":[10,11],"tags":[],"class_list":["post-56297","post","type-post","status-publish","format-standard","has-post-thumbnail","hentry","category-provinciales","category-sociedad"],"_links":{"self":[{"href":"http:\/\/informateesquina.com\/index.php?rest_route=\/wp\/v2\/posts\/56297","targetHints":{"allow":["GET"]}}],"collection":[{"href":"http:\/\/informateesquina.com\/index.php?rest_route=\/wp\/v2\/posts"}],"about":[{"href":"http:\/\/informateesquina.com\/index.php?rest_route=\/wp\/v2\/types\/post"}],"author":[{"embeddable":true,"href":"http:\/\/informateesquina.com\/index.php?rest_route=\/wp\/v2\/users\/3"}],"replies":[{"embeddable":true,"href":"http:\/\/informateesquina.com\/index.php?rest_route=%2Fwp%2Fv2%2Fcomments&post=56297"}],"version-history":[{"count":0,"href":"http:\/\/informateesquina.com\/index.php?rest_route=\/wp\/v2\/posts\/56297\/revisions"}],"wp:featuredmedia":[{"embeddable":true,"href":"http:\/\/informateesquina.com\/index.php?rest_route=\/wp\/v2\/media\/56298"}],"wp:attachment":[{"href":"http:\/\/informateesquina.com\/index.php?rest_route=%2Fwp%2Fv2%2Fmedia&parent=56297"}],"wp:term":[{"taxonomy":"category","embeddable":true,"href":"http:\/\/informateesquina.com\/index.php?rest_route=%2Fwp%2Fv2%2Fcategories&post=56297"},{"taxonomy":"post_tag","embeddable":true,"href":"http:\/\/informateesquina.com\/index.php?rest_route=%2Fwp%2Fv2%2Ftags&post=56297"}],"curies":[{"name":"wp","href":"https:\/\/api.w.org\/{rel}","templated":true}]}}