{"id":56337,"date":"2022-10-31T21:12:28","date_gmt":"2022-11-01T00:12:28","guid":{"rendered":"https:\/\/informateesquina.com\/?p=56337"},"modified":"2022-10-31T21:12:28","modified_gmt":"2022-11-01T00:12:28","slug":"procrear-a-que-hora-iniciara-la-inscripcion-para-corrientes","status":"publish","type":"post","link":"http:\/\/informateesquina.com\/?p=56337","title":{"rendered":"Procrear: \u00bfA qu\u00e9 hora iniciar\u00e1 la inscripci\u00f3n para Corrientes?"},"content":{"rendered":"<div>\n<p class=\"copete\">El Ministerio de Desarrollo Territorial y H\u00e1bitat anunci\u00f3 que a partir de este martes <strong>1\u00ba de noviembre, a las 10 de la ma\u00f1ana y hasta el d\u00eda 15\u00a0<\/strong>del mismo mes, se reabrir\u00e1n las inscripciones para esta l\u00ednea, en este caso para acceder a 526 viviendas construidas a lo largo de 27 Desarrollos Urban\u00edsticos Procrear II en 11 provincias.<\/p>\n<\/div>\n<div class=\"cuerpo\">\n<p><a class=\"fotos-desarrollo unlink\" title=\"Procrear: \u00bfA qu\u00e9 hora iniciar\u00e1 la inscripci\u00f3n para Corrientes?\" href=\"https:\/\/www.radiosudamericana.com\/notix\/multimedia\/imagenes\/fotos\/2022-10-31\/860303.jpg\"><img decoding=\"async\" class=\"img-responsive\" src=\"https:\/\/www.radiosudamericana.com\/notix\/multimedia\/imagenes\/fotos\/2022-10-31\/860303.jpg_nota.jpg\" \/><\/a><\/p>\n<p>&nbsp;<\/p>\n<div id=\"leermas\">\n<div class=\"mitad\">Los predios disponibles ser\u00e1n: Bah\u00eda Blanca, Canning, Carmen de Patagones, Merlo, San Antonio de Areco, San Mart\u00edn, San Miguel, San Nicol\u00e1s (Buenos Aires); Roque S\u00e1enz Pe\u00f1a (Chaco); Alejandro Roca, Barrio Liceo y San Francisco (C\u00f3rdoba); <strong>Corrientes (Corrientes)<\/strong>; Paran\u00e1 (Entre R\u00edos); La Dormida, Maip\u00fa, Malarg\u00fce, Mendoza Capital, San Mart\u00edn y San Rafael (Mendoza); Posadas (Misiones); Zapala (Neuqu\u00e9n); Tartagal (Salta); R\u00edo Gallegos (Santa Cruz); Estaci\u00f3n Cambios, Rafaela y General Lagos (Santa Fe).<\/div>\n<\/div>\n<\/div>\n","protected":false},"excerpt":{"rendered":"<p>El Ministerio de Desarrollo Territorial y H\u00e1bitat anunci\u00f3 que a partir de este martes 1\u00ba de noviembre, a las 10 de la ma\u00f1ana y hasta el d\u00eda 15\u00a0del mismo mes, se reabrir\u00e1n las inscripciones para esta l\u00ednea, en este caso para acceder a 526 viviendas construidas a lo largo de 27 Desarrollos Urban\u00edsticos Procrear II [&hellip;]<\/p>\n","protected":false},"author":3,"featured_media":56338,"comment_status":"open","ping_status":"open","sticky":false,"template":"","format":"standard","meta":{"footnotes":""},"categories":[7,11],"tags":[136],"class_list":["post-56337","post","type-post","status-publish","format-standard","has-post-thumbnail","hentry","category-nacionales","category-sociedad","tag-destacados"],"_links":{"self":[{"href":"http:\/\/informateesquina.com\/index.php?rest_route=\/wp\/v2\/posts\/56337","targetHints":{"allow":["GET"]}}],"collection":[{"href":"http:\/\/informateesquina.com\/index.php?rest_route=\/wp\/v2\/posts"}],"about":[{"href":"http:\/\/informateesquina.com\/index.php?rest_route=\/wp\/v2\/types\/post"}],"author":[{"embeddable":true,"href":"http:\/\/informateesquina.com\/index.php?rest_route=\/wp\/v2\/users\/3"}],"replies":[{"embeddable":true,"href":"http:\/\/informateesquina.com\/index.php?rest_route=%2Fwp%2Fv2%2Fcomments&post=56337"}],"version-history":[{"count":0,"href":"http:\/\/informateesquina.com\/index.php?rest_route=\/wp\/v2\/posts\/56337\/revisions"}],"wp:featuredmedia":[{"embeddable":true,"href":"http:\/\/informateesquina.com\/index.php?rest_route=\/wp\/v2\/media\/56338"}],"wp:attachment":[{"href":"http:\/\/informateesquina.com\/index.php?rest_route=%2Fwp%2Fv2%2Fmedia&parent=56337"}],"wp:term":[{"taxonomy":"category","embeddable":true,"href":"http:\/\/informateesquina.com\/index.php?rest_route=%2Fwp%2Fv2%2Fcategories&post=56337"},{"taxonomy":"post_tag","embeddable":true,"href":"http:\/\/informateesquina.com\/index.php?rest_route=%2Fwp%2Fv2%2Ftags&post=56337"}],"curies":[{"name":"wp","href":"https:\/\/api.w.org\/{rel}","templated":true}]}}