{"id":56348,"date":"2022-11-01T21:13:11","date_gmt":"2022-11-02T00:13:11","guid":{"rendered":"https:\/\/informateesquina.com\/?p=56348"},"modified":"2022-11-01T21:13:11","modified_gmt":"2022-11-02T00:13:11","slug":"un-camion-con-carga-de-madera-fue-robado-en-corrientes-y-termino-volcado-en-misiones","status":"publish","type":"post","link":"http:\/\/informateesquina.com\/?p=56348","title":{"rendered":"Un cami\u00f3n con carga de madera fue robado en Corrientes y termin\u00f3 volcado en Misiones"},"content":{"rendered":"<div class=\"cont-nota\">\n<article class=\"cont-cuerpo\">\n<div class=\"cont-foto\">\n<figure class=\"nota-foto \">Un cami\u00f3n robado en Corrientes con una carga de madera, despist\u00f3 en la localidad misionara de Campo Ram\u00f3n. Tras el despiste y vuelco, el conductor huy\u00f3 del lugar del accidente, abandonando el rodado.<\/figure>\n<\/div>\n<section class=\"texto\">\nEsta ma\u00f1ana en la Ruta Provincial 103, a unos mil metros del acceso de la mencionada localidad, por causas que se investigan, un cami\u00f3n marca Ford, Modelo Cargo 1723 4X2, que transportaba una carga de madera de pino, despist\u00f3 y termin\u00f3 en la banquina.<\/p>\n<p>Inmediatamente, acudi\u00f3 la patrulla y dialog\u00f3 con testigos, quienes manifestaron que el conductor se habr\u00eda dado a la fuga luego del siniestro vial, por lo que tras consultar el informe dominio, se estableci\u00f3 que el rodado fue robado en la Provincia de Corrientes, por lo que fue incautado.<\/p>\n<p>En el lugar del siniestro se realizaron las pericias de rigor, mientras que de forma paralela se mont\u00f3 una b\u00fasqueda del chofer del veh\u00edculo en cuesti\u00f3n.<\/p>\n<\/section>\n<\/article>\n<\/div>\n","protected":false},"excerpt":{"rendered":"<p>Un cami\u00f3n robado en Corrientes con una carga de madera, despist\u00f3 en la localidad misionara de Campo Ram\u00f3n. Tras el despiste y vuelco, el conductor huy\u00f3 del lugar del accidente, abandonando el rodado. Esta ma\u00f1ana en la Ruta Provincial 103, a unos mil metros del acceso de la mencionada localidad, por causas que se investigan, [&hellip;]<\/p>\n","protected":false},"author":3,"featured_media":56349,"comment_status":"open","ping_status":"open","sticky":false,"template":"","format":"standard","meta":{"footnotes":""},"categories":[8,10,11],"tags":[],"class_list":["post-56348","post","type-post","status-publish","format-standard","has-post-thumbnail","hentry","category-policiales","category-provinciales","category-sociedad"],"_links":{"self":[{"href":"http:\/\/informateesquina.com\/index.php?rest_route=\/wp\/v2\/posts\/56348","targetHints":{"allow":["GET"]}}],"collection":[{"href":"http:\/\/informateesquina.com\/index.php?rest_route=\/wp\/v2\/posts"}],"about":[{"href":"http:\/\/informateesquina.com\/index.php?rest_route=\/wp\/v2\/types\/post"}],"author":[{"embeddable":true,"href":"http:\/\/informateesquina.com\/index.php?rest_route=\/wp\/v2\/users\/3"}],"replies":[{"embeddable":true,"href":"http:\/\/informateesquina.com\/index.php?rest_route=%2Fwp%2Fv2%2Fcomments&post=56348"}],"version-history":[{"count":0,"href":"http:\/\/informateesquina.com\/index.php?rest_route=\/wp\/v2\/posts\/56348\/revisions"}],"wp:featuredmedia":[{"embeddable":true,"href":"http:\/\/informateesquina.com\/index.php?rest_route=\/wp\/v2\/media\/56349"}],"wp:attachment":[{"href":"http:\/\/informateesquina.com\/index.php?rest_route=%2Fwp%2Fv2%2Fmedia&parent=56348"}],"wp:term":[{"taxonomy":"category","embeddable":true,"href":"http:\/\/informateesquina.com\/index.php?rest_route=%2Fwp%2Fv2%2Fcategories&post=56348"},{"taxonomy":"post_tag","embeddable":true,"href":"http:\/\/informateesquina.com\/index.php?rest_route=%2Fwp%2Fv2%2Ftags&post=56348"}],"curies":[{"name":"wp","href":"https:\/\/api.w.org\/{rel}","templated":true}]}}