{"id":56351,"date":"2022-11-01T21:25:26","date_gmt":"2022-11-02T00:25:26","guid":{"rendered":"https:\/\/informateesquina.com\/?p=56351"},"modified":"2022-11-01T21:26:12","modified_gmt":"2022-11-02T00:26:12","slug":"corrientes-asesino-a-su-abuela-y-luego-prendido-fuego-la-vivienda-donde-vivian","status":"publish","type":"post","link":"http:\/\/informateesquina.com\/?p=56351","title":{"rendered":"Corrientes: asesin\u00f3 a su abuela y luego prendido fuego la vivienda donde viv\u00edan"},"content":{"rendered":"<div class=\"cont-nota\">\n<article class=\"cont-cuerpo\">\n<div class=\"cont-foto\">\n<figure class=\"nota-foto \">Un tr\u00e1gico hecho se registr\u00f3 este martes por la madrugada en la ciudad de Corrientes, m\u00e1s precisamente en el barrio San Antonio Este, en donde una anciana de 66 a\u00f1os fue encontrada muerta en su propio domicilio ubicado en inmediaciones de las calles ExV\u00eda y Loreto.<\/figure>\n<\/div>\n<section class=\"texto\">La v\u00edctima habr\u00eda sido hallada sin vida en una pieza. La vivienda, adem\u00e1s, fue prendida fuego. Por el caso, la polic\u00eda detuvo a un joven de 20 a\u00f1os quien ser\u00eda el principal sospechoso del fallecimiento del anciana. La aprehensi\u00f3n ocurri\u00f3 en el domicilio del muchachaco que se encontraba durmiendo cuando arribaron los agentes.&#8221;La abuela le hab\u00eda denunciado a su nieto y fue preso. Pero recuper\u00f3 la libertad porque su pap\u00e1 pag\u00f3 8 mil pesos. Entonces cuando sali\u00f3 la amenaz\u00f3 a su abuela con matarla o prenderle fuego la casa. Esto ocurri\u00f3 el domingo&#8221;, relat\u00f3 un familiar.<\/p>\n<\/section>\n<\/article>\n<\/div>\n","protected":false},"excerpt":{"rendered":"<p>Un tr\u00e1gico hecho se registr\u00f3 este martes por la madrugada en la ciudad de Corrientes, m\u00e1s precisamente en el barrio San Antonio Este, en donde una anciana de 66 a\u00f1os fue encontrada muerta en su propio domicilio ubicado en inmediaciones de las calles ExV\u00eda y Loreto. La v\u00edctima habr\u00eda sido hallada sin vida en una [&hellip;]<\/p>\n","protected":false},"author":3,"featured_media":56352,"comment_status":"open","ping_status":"open","sticky":false,"template":"","format":"standard","meta":{"footnotes":""},"categories":[8,10,11],"tags":[136],"class_list":["post-56351","post","type-post","status-publish","format-standard","has-post-thumbnail","hentry","category-policiales","category-provinciales","category-sociedad","tag-destacados"],"_links":{"self":[{"href":"http:\/\/informateesquina.com\/index.php?rest_route=\/wp\/v2\/posts\/56351","targetHints":{"allow":["GET"]}}],"collection":[{"href":"http:\/\/informateesquina.com\/index.php?rest_route=\/wp\/v2\/posts"}],"about":[{"href":"http:\/\/informateesquina.com\/index.php?rest_route=\/wp\/v2\/types\/post"}],"author":[{"embeddable":true,"href":"http:\/\/informateesquina.com\/index.php?rest_route=\/wp\/v2\/users\/3"}],"replies":[{"embeddable":true,"href":"http:\/\/informateesquina.com\/index.php?rest_route=%2Fwp%2Fv2%2Fcomments&post=56351"}],"version-history":[{"count":0,"href":"http:\/\/informateesquina.com\/index.php?rest_route=\/wp\/v2\/posts\/56351\/revisions"}],"wp:featuredmedia":[{"embeddable":true,"href":"http:\/\/informateesquina.com\/index.php?rest_route=\/wp\/v2\/media\/56352"}],"wp:attachment":[{"href":"http:\/\/informateesquina.com\/index.php?rest_route=%2Fwp%2Fv2%2Fmedia&parent=56351"}],"wp:term":[{"taxonomy":"category","embeddable":true,"href":"http:\/\/informateesquina.com\/index.php?rest_route=%2Fwp%2Fv2%2Fcategories&post=56351"},{"taxonomy":"post_tag","embeddable":true,"href":"http:\/\/informateesquina.com\/index.php?rest_route=%2Fwp%2Fv2%2Ftags&post=56351"}],"curies":[{"name":"wp","href":"https:\/\/api.w.org\/{rel}","templated":true}]}}