{"id":56363,"date":"2022-11-01T21:51:30","date_gmt":"2022-11-02T00:51:30","guid":{"rendered":"https:\/\/informateesquina.com\/?p=56363"},"modified":"2022-11-01T21:51:30","modified_gmt":"2022-11-02T00:51:30","slug":"mercedes-delincuentes-entraron-a-robar-en-una-iglesia","status":"publish","type":"post","link":"http:\/\/informateesquina.com\/?p=56363","title":{"rendered":"Mercedes: Delincuentes entraron a robar en una iglesia"},"content":{"rendered":"<section class=\"body\">\n<section class=\"content\">\n<figure class=\"big-column\"><picture><img loading=\"lazy\" decoding=\"async\" class=\"pic\" src=\"https:\/\/www.radiodos.com.ar\/content\/bucket\/7\/177097w850h567c.jpg.webp\" alt=\"\" width=\"850\" height=\"567\" \/><\/picture><\/figure>\n<div class=\"main-text\">\n<div class=\"social\">\n<div class=\"share\"><\/div>\n<\/div>\n<p>Un indignante hecho de inseguridad se produjo este \u00faltimo fin de semana en la ciudad de Mercedes, en donde desconocidos ingresaron a una iglesia y se llevaron del lugar un aire acondicionado, taladros, amoladoras, amplificador de audio entre otros elementos<\/p>\n<p>El robo ocurri\u00f3 en la iglesia de la rama Jes\u00fas Cristo de los Santos que est\u00e1 ubicada por calle Juan Pujol al 1200.<\/p>\n<p>Seg\u00fan trascendi\u00f3, los delincuentes habr\u00edan ingresado al templo religioso por una puerta trasera aprovechando que el lugar se encuentra en refacci\u00f3n.<\/p>\n<p>Por cuesti\u00f3n de jurisdicci\u00f3n, efectivos policiales de la comisar\u00eda Primera intervinieron en el caso.<\/p>\n<\/div>\n<\/section>\n<\/section>\n","protected":false},"excerpt":{"rendered":"<p>Un indignante hecho de inseguridad se produjo este \u00faltimo fin de semana en la ciudad de Mercedes, en donde desconocidos ingresaron a una iglesia y se llevaron del lugar un aire acondicionado, taladros, amoladoras, amplificador de audio entre otros elementos El robo ocurri\u00f3 en la iglesia de la rama Jes\u00fas Cristo de los Santos que [&hellip;]<\/p>\n","protected":false},"author":3,"featured_media":56364,"comment_status":"open","ping_status":"open","sticky":false,"template":"","format":"standard","meta":{"footnotes":""},"categories":[8],"tags":[],"class_list":["post-56363","post","type-post","status-publish","format-standard","has-post-thumbnail","hentry","category-policiales"],"_links":{"self":[{"href":"http:\/\/informateesquina.com\/index.php?rest_route=\/wp\/v2\/posts\/56363","targetHints":{"allow":["GET"]}}],"collection":[{"href":"http:\/\/informateesquina.com\/index.php?rest_route=\/wp\/v2\/posts"}],"about":[{"href":"http:\/\/informateesquina.com\/index.php?rest_route=\/wp\/v2\/types\/post"}],"author":[{"embeddable":true,"href":"http:\/\/informateesquina.com\/index.php?rest_route=\/wp\/v2\/users\/3"}],"replies":[{"embeddable":true,"href":"http:\/\/informateesquina.com\/index.php?rest_route=%2Fwp%2Fv2%2Fcomments&post=56363"}],"version-history":[{"count":0,"href":"http:\/\/informateesquina.com\/index.php?rest_route=\/wp\/v2\/posts\/56363\/revisions"}],"wp:featuredmedia":[{"embeddable":true,"href":"http:\/\/informateesquina.com\/index.php?rest_route=\/wp\/v2\/media\/56364"}],"wp:attachment":[{"href":"http:\/\/informateesquina.com\/index.php?rest_route=%2Fwp%2Fv2%2Fmedia&parent=56363"}],"wp:term":[{"taxonomy":"category","embeddable":true,"href":"http:\/\/informateesquina.com\/index.php?rest_route=%2Fwp%2Fv2%2Fcategories&post=56363"},{"taxonomy":"post_tag","embeddable":true,"href":"http:\/\/informateesquina.com\/index.php?rest_route=%2Fwp%2Fv2%2Ftags&post=56363"}],"curies":[{"name":"wp","href":"https:\/\/api.w.org\/{rel}","templated":true}]}}