{"id":56366,"date":"2022-11-01T21:55:24","date_gmt":"2022-11-02T00:55:24","guid":{"rendered":"https:\/\/informateesquina.com\/?p=56366"},"modified":"2022-11-01T21:55:24","modified_gmt":"2022-11-02T00:55:24","slug":"juez-denunciado-por-acoso-pidio-bozal-legal-para-la-victima-pero-la-justicia-le-nego","status":"publish","type":"post","link":"http:\/\/informateesquina.com\/?p=56366","title":{"rendered":"Juez denunciado por acoso pidi\u00f3 &#8220;Bozal legal&#8221; para la v\u00edctima, pero la justicia le neg\u00f3"},"content":{"rendered":"<section class=\"body\">\n<section class=\"content\">\n<figure class=\"big-column\">La Doctora Silvia Casarrubia, representante de la denunciante, expreso; &#8220;Geniales el Sr. juez Carlos Antonio Balestra y el Sr. Fiscal Francisco Antonio Arrue. Goya Corrientes&#8221;. Adem\u00e1s explico; &#8220;la denunciante solo expuso la situaci\u00f3n una vez en las redes sociales. Luego ya recurri\u00f3 a la justicia&#8221;.<\/figure>\n<div class=\"main-text\">\n<p>Y arremeti\u00f3; &#8220;A m\u00ed que me puteen hasta en arameo, Don Azcona y su abogado.<\/p>\n<p>El juez de Familia, ni\u00f1ez y adolescencia de Santa Luc\u00eda deber\u00eda preocuparse m\u00e1s por su conducta, que por las consecuencias de su conducta. En serio solo quiere que nos callemos?<\/p>\n<div class=\"center large m_image\">\n<figure><img loading=\"lazy\" decoding=\"async\" class=\"alignnone wp-image-56367 size-full\" src=\"https:\/\/informateesquina.com\/wp-content\/uploads\/2022\/11\/311843502_10158618960581389_6953973800965153238_n.jpg\" alt=\"\" width=\"400\" height=\"889\" srcset=\"http:\/\/informateesquina.com\/wp-content\/uploads\/2022\/11\/311843502_10158618960581389_6953973800965153238_n.jpg 400w, http:\/\/informateesquina.com\/wp-content\/uploads\/2022\/11\/311843502_10158618960581389_6953973800965153238_n-135x300.jpg 135w\" sizes=\"auto, (max-width: 400px) 100vw, 400px\" \/> <img loading=\"lazy\" decoding=\"async\" class=\"alignnone wp-image-56368 size-full\" src=\"https:\/\/informateesquina.com\/wp-content\/uploads\/2022\/11\/311818918_10158618960681389_3674085867255855404_n-1.webp\" alt=\"\" width=\"400\" height=\"889\" srcset=\"http:\/\/informateesquina.com\/wp-content\/uploads\/2022\/11\/311818918_10158618960681389_3674085867255855404_n-1.webp 400w, http:\/\/informateesquina.com\/wp-content\/uploads\/2022\/11\/311818918_10158618960681389_3674085867255855404_n-1-135x300.webp 135w\" sizes=\"auto, (max-width: 400px) 100vw, 400px\" \/> <img loading=\"lazy\" decoding=\"async\" class=\"alignnone wp-image-56369 size-full\" src=\"https:\/\/informateesquina.com\/wp-content\/uploads\/2022\/11\/311988653_10158618960321389_5447738756555739370_n.webp\" alt=\"\" width=\"400\" height=\"889\" srcset=\"http:\/\/informateesquina.com\/wp-content\/uploads\/2022\/11\/311988653_10158618960321389_5447738756555739370_n.webp 400w, http:\/\/informateesquina.com\/wp-content\/uploads\/2022\/11\/311988653_10158618960321389_5447738756555739370_n-135x300.webp 135w\" sizes=\"auto, (max-width: 400px) 100vw, 400px\" \/><\/figure>\n<figure><\/figure>\n<figure><\/figure>\n<figure>Los representantes legales del cuestionado Juez son los Dres. JORGE ADRIAN BARBOZA Y LUIS HORACIO GOICOECHEA LAVEGA, quienes presentaron una solicitud de MEDIDA CAUTELAR, pidiendo se ordene la prohibici\u00f3n de actos y comentarios difamatorios respecto de su representado (&#8220;bozal legal&#8221;), motivando la misma en la existencia de publicaciones y comentarios que consideran difamatorios, proferidos por la Sra. CARLA ANA LAURA CARNEVALE y su representante legal, los cuales generaron en su asistido un descr\u00e9dito p\u00fablico y otros problemas familiares y sociales.<\/figure>\n<p>&nbsp;<\/p>\n<figure><img loading=\"lazy\" decoding=\"async\" class=\"alignnone wp-image-56370 size-full\" src=\"https:\/\/informateesquina.com\/wp-content\/uploads\/2022\/11\/1666190573873.jpg\" alt=\"\" width=\"720\" height=\"549\" srcset=\"http:\/\/informateesquina.com\/wp-content\/uploads\/2022\/11\/1666190573873.jpg 720w, http:\/\/informateesquina.com\/wp-content\/uploads\/2022\/11\/1666190573873-300x229.jpg 300w\" sizes=\"auto, (max-width: 720px) 100vw, 720px\" \/><\/figure>\n<\/div>\n<p>&nbsp;<\/p>\n<p>A dicha cuesti\u00f3n cedida la palabra al fiscal que lleva adelante la investigaci\u00f3n responde; que se opone a la solicitud atento considerar que la v\u00eda adecuada para el fin propuesto por los representantes legales antes citados es la ofrecida por el Art. 353 del CPP o en su caso la via civil; asimismo menciona que no se ha formalizado imputaci\u00f3n respecto del Dr. Azcona y que el legajo de investigaci\u00f3n a\u00fan se encuentra en el \u00e1rea de recepci\u00f3n y an\u00e1lisis de casos; o\u00eddos los fundamentos esgrimidos, los Arts. 246 ss. y cc. y las razones que oralmente expuse. Por lo cual RESUELVO: 1) NO HACER LUGAR al pedido de medida cautelar.<\/p>\n<p>En tanto el Dr. Carlos Antonio Balestra, Juez de garant\u00edas, vota en consonancia del rechazo del representante de la vindicta p\u00fablica.<\/p>\n<p>\/\/TNGoya.com<\/p>\n<\/div>\n<\/section>\n<\/section>\n","protected":false},"excerpt":{"rendered":"<p>La Doctora Silvia Casarrubia, representante de la denunciante, expreso; &#8220;Geniales el Sr. juez Carlos Antonio Balestra y el Sr. Fiscal Francisco Antonio Arrue. Goya Corrientes&#8221;. Adem\u00e1s explico; &#8220;la denunciante solo expuso la situaci\u00f3n una vez en las redes sociales. Luego ya recurri\u00f3 a la justicia&#8221;. Y arremeti\u00f3; &#8220;A m\u00ed que me puteen hasta en arameo, [&hellip;]<\/p>\n","protected":false},"author":3,"featured_media":56371,"comment_status":"open","ping_status":"open","sticky":false,"template":"","format":"standard","meta":{"footnotes":""},"categories":[8,11],"tags":[],"class_list":["post-56366","post","type-post","status-publish","format-standard","has-post-thumbnail","hentry","category-policiales","category-sociedad"],"_links":{"self":[{"href":"http:\/\/informateesquina.com\/index.php?rest_route=\/wp\/v2\/posts\/56366","targetHints":{"allow":["GET"]}}],"collection":[{"href":"http:\/\/informateesquina.com\/index.php?rest_route=\/wp\/v2\/posts"}],"about":[{"href":"http:\/\/informateesquina.com\/index.php?rest_route=\/wp\/v2\/types\/post"}],"author":[{"embeddable":true,"href":"http:\/\/informateesquina.com\/index.php?rest_route=\/wp\/v2\/users\/3"}],"replies":[{"embeddable":true,"href":"http:\/\/informateesquina.com\/index.php?rest_route=%2Fwp%2Fv2%2Fcomments&post=56366"}],"version-history":[{"count":0,"href":"http:\/\/informateesquina.com\/index.php?rest_route=\/wp\/v2\/posts\/56366\/revisions"}],"wp:featuredmedia":[{"embeddable":true,"href":"http:\/\/informateesquina.com\/index.php?rest_route=\/wp\/v2\/media\/56371"}],"wp:attachment":[{"href":"http:\/\/informateesquina.com\/index.php?rest_route=%2Fwp%2Fv2%2Fmedia&parent=56366"}],"wp:term":[{"taxonomy":"category","embeddable":true,"href":"http:\/\/informateesquina.com\/index.php?rest_route=%2Fwp%2Fv2%2Fcategories&post=56366"},{"taxonomy":"post_tag","embeddable":true,"href":"http:\/\/informateesquina.com\/index.php?rest_route=%2Fwp%2Fv2%2Ftags&post=56366"}],"curies":[{"name":"wp","href":"https:\/\/api.w.org\/{rel}","templated":true}]}}