{"id":56373,"date":"2022-11-01T22:00:43","date_gmt":"2022-11-02T01:00:43","guid":{"rendered":"https:\/\/informateesquina.com\/?p=56373"},"modified":"2022-11-01T22:26:48","modified_gmt":"2022-11-02T01:26:48","slug":"santiago-del-estero-bono-de-200-mil-pesos-e-incremento-del-95-para-los-empleados-publicos","status":"publish","type":"post","link":"http:\/\/informateesquina.com\/?p=56373","title":{"rendered":"Santiago del Estero: bono de 200 mil pesos e incremento del 95% para los empleados p\u00fablicos"},"content":{"rendered":"<section class=\"body\">\n<section class=\"content\">\n<figure class=\"big-column\"><picture><img loading=\"lazy\" decoding=\"async\" class=\"pic\" src=\"https:\/\/www.radiodos.com.ar\/content\/bucket\/8\/180068w850h482c.jpg.webp\" alt=\"\" width=\"850\" height=\"482\" \/><\/picture><\/figure>\n<div class=\"main-text\">\n<div class=\"social\">\n<div class=\"share\"><\/div>\n<\/div>\n<p>En una conferencia de prensa que tuvo lugar en Casa de Gobierno, Gerardo Zamora anunci\u00f3 un bono de fin de a\u00f1o de 200 mil pesos a pagarse en tres cuotas, para todos los empleados p\u00fablicos de la provincia<\/p>\n<p>El gobernador explic\u00f3 que la primera cuota se pagar\u00e1 el mi\u00e9rcoles 9 de noviembre y ser\u00e1 de $60 mil. La segunda, se abonar\u00e1 el 21 de diciembre y ascender\u00e1 a los $80 mil y la tercera el 4 de enero por $60 mil. Adem\u00e1s, indic\u00f3 que el pago del aguinaldo se adelantar\u00e1 para el d\u00eda 14 de diciembre.<\/p>\n<p>Agreg\u00f3 por otra parte que con el sueldo del mes de febrero, se otorgar\u00e1 un incremento del 95% en el b\u00e1sico de todos los sectores de la administraci\u00f3n p\u00fablica. En el caso de los contratos de locaci\u00f3n, el incremento ser\u00e1 del 80%.<\/p>\n<p>El gobernador Zamora estuvo acompa\u00f1ado por el vicegobernador Carlos Silva Neder, el senador Jos\u00e9 Emilio Neder, el senador Gerardo Montenegro y el secretario general de la seccional Norte de la CGT, Jos\u00e9 G\u00f3mez.<\/p>\n<p><strong>&#8220;Lleva tranquilidad al pueblo&#8221;<\/strong><\/p>\n<p>El Secretario General de la seccional Norte de la CGT, e integrante de la Mesa de Di\u00e1logo, Jos\u00e9 G\u00f3mez se refiri\u00f3 a este importante anuncio. &#8220;Lleva mucha tranquilidad al pueblo&#8221;, asegur\u00f3.<\/p>\n<p>&#8220;El a\u00f1o pasado a esta altura saliamos con anuncios que han sido muy importante en esos momentos, hoy lo estamos haciendo de la misma forma, pero con un conocimiento que tenemos todos los dirigentes gremiales. Que usted es una persona que est\u00e1 junto a la clase trabajadora, porque de lo contrario no hubi\u00e9ramos tenido este anuncio de recomposicion salarial&#8221;, a\u00f1adi\u00f3.<\/p>\n<p>&#8220;Realmente nos comprometimos junto al pueblo de la clase trabajadora&#8221;, finaliz\u00f3.<\/p>\n<\/div>\n<\/section>\n<\/section>\n","protected":false},"excerpt":{"rendered":"<p>En una conferencia de prensa que tuvo lugar en Casa de Gobierno, Gerardo Zamora anunci\u00f3 un bono de fin de a\u00f1o de 200 mil pesos a pagarse en tres cuotas, para todos los empleados p\u00fablicos de la provincia El gobernador explic\u00f3 que la primera cuota se pagar\u00e1 el mi\u00e9rcoles 9 de noviembre y ser\u00e1 de [&hellip;]<\/p>\n","protected":false},"author":3,"featured_media":56374,"comment_status":"open","ping_status":"open","sticky":false,"template":"","format":"standard","meta":{"footnotes":""},"categories":[7,11],"tags":[],"class_list":["post-56373","post","type-post","status-publish","format-standard","has-post-thumbnail","hentry","category-nacionales","category-sociedad"],"_links":{"self":[{"href":"http:\/\/informateesquina.com\/index.php?rest_route=\/wp\/v2\/posts\/56373","targetHints":{"allow":["GET"]}}],"collection":[{"href":"http:\/\/informateesquina.com\/index.php?rest_route=\/wp\/v2\/posts"}],"about":[{"href":"http:\/\/informateesquina.com\/index.php?rest_route=\/wp\/v2\/types\/post"}],"author":[{"embeddable":true,"href":"http:\/\/informateesquina.com\/index.php?rest_route=\/wp\/v2\/users\/3"}],"replies":[{"embeddable":true,"href":"http:\/\/informateesquina.com\/index.php?rest_route=%2Fwp%2Fv2%2Fcomments&post=56373"}],"version-history":[{"count":0,"href":"http:\/\/informateesquina.com\/index.php?rest_route=\/wp\/v2\/posts\/56373\/revisions"}],"wp:featuredmedia":[{"embeddable":true,"href":"http:\/\/informateesquina.com\/index.php?rest_route=\/wp\/v2\/media\/56374"}],"wp:attachment":[{"href":"http:\/\/informateesquina.com\/index.php?rest_route=%2Fwp%2Fv2%2Fmedia&parent=56373"}],"wp:term":[{"taxonomy":"category","embeddable":true,"href":"http:\/\/informateesquina.com\/index.php?rest_route=%2Fwp%2Fv2%2Fcategories&post=56373"},{"taxonomy":"post_tag","embeddable":true,"href":"http:\/\/informateesquina.com\/index.php?rest_route=%2Fwp%2Fv2%2Ftags&post=56373"}],"curies":[{"name":"wp","href":"https:\/\/api.w.org\/{rel}","templated":true}]}}