{"id":56376,"date":"2022-11-02T18:30:30","date_gmt":"2022-11-02T21:30:30","guid":{"rendered":"https:\/\/informateesquina.com\/?p=56376"},"modified":"2022-11-02T18:30:30","modified_gmt":"2022-11-02T21:30:30","slug":"buscan-a-un-nene-de-2-anos-su-padre-se-lo-llevo-con-la-excusa-de-hacer-mandados-y-nunca-volvio","status":"publish","type":"post","link":"http:\/\/informateesquina.com\/?p=56376","title":{"rendered":"Buscan a un nene de 2 a\u00f1os: su padre se lo llev\u00f3 con la excusa de hacer mandados y nunca volvi\u00f3"},"content":{"rendered":"<div class=\"content-article-title\">\n<div class=\"wrapper-layout flex center-content center_story max-width\">\n<div class=\"col-content\"><\/div>\n<\/div>\n<\/div>\n<div class=\"wrapper-layout flex center-content center_story max-width\">\n<div class=\"col-content\"><main class=\"col-content\"><\/p>\n<div class=\"article__header article__story article__article\">\n<div class=\"article__head\">\n<div class=\"article__lead-art article__lead-art-photo flex flex_column\">\n<figure class=\"\">\n<div class=\"aspect_ratio__container\">\n<p class=\"paragraph\">Un ni\u00f1o de 2 a\u00f1os\u00a0desapareci\u00f3\u00a0este s\u00e1bado en el barrio de\u00a0<b>San Lorenzo, Santa Fe<\/b>, y su madre lo busca intensamente.\u00a0<b>Noah Beltr\u00e1n Sesma<\/b>\u00a0sali\u00f3 con su padre y desde ese momento no se volvi\u00f3 a saber nada m\u00e1s sobre ninguno de los dos. La Secretar\u00eda de Derechos Humanos de su provincia solicit\u00f3 un pedido de paradero para ubicar al menor de edad que esta siendo buscado desesperadamente por su madre.<\/p>\n<div id=\"arcAds-infeed\" class=\"infeed-container\"><\/div>\n<p class=\"paragraph\">El fiscal a cargo de la causa, Marcelo Fontana, orden\u00f3 que se haga un relevamiento de las c\u00e1maras de seguridad de la ciudad . Esto permiti\u00f3 localizar por \u00faltima vez a los desaparecidos en la terminal de \u00f3mnibus local, donde una testigo afirm\u00f3 haberlos visto subir a un micro con destino a Buenos Aires. Los \u00faltimos informes plantean que el padre del peque\u00f1o se lo llev\u00f3 con \u00e9l junto a toda su documentaci\u00f3n.<\/p>\n<\/div>\n<div class=\"aspect_ratio__container\"><picture class=\"responsive-image\"><img decoding=\"async\" class=\"width_full height_full article__lead-art-photo--vertical image_placeholder\" src=\"https:\/\/tn.com.ar\/resizer\/NhwG6CDkWbYD5SWqKHnojGh4cEE=\/767x0\/smart\/filters:format(webp)\/cloudfront-us-east-1.images.arcpublishing.com\/artear\/ZAAOSHII7ZB57GGERE4UNVJNGM.jpg\" alt=\"Se llama Noah Santiago Beltr\u00e1n Sesma, tiene 2 a\u00f1os. Se lo llevaron a hacer un mandado su pap\u00e1 y su abuela paterna. NO REGRESARON. Se los vio en un micro rumbo a Bs As. Cualquier dato URGENTE al 911 o a la comisar\u00eda m\u00e1s cercana. (Foto: Secretaria de Derechos Humanos)\" \/><\/picture><\/div><figcaption class=\"flex flex_column caption_image\">Se llama Noah Santiago Beltr\u00e1n Sesma, tiene 2 a\u00f1os. Se lo llevaron a hacer un mandado su pap\u00e1 y su abuela paterna. NO REGRESARON. Se los vio en un micro rumbo a Bs As. Cualquier dato URGENTE al 911 o a la comisar\u00eda m\u00e1s cercana. (Foto: Secretaria de Derechos Humanos)<\/figcaption><\/figure>\n<\/div>\n<\/div>\n<div class=\"flex align_items_center horizontal-share relative\"><\/div>\n<\/div>\n<div class=\"default-article-color article__body article__article\">\n<p class=\"paragraph\">El s\u00e1bado 29 de octubre, el hombre le avis\u00f3 a su esposa que iba a salir para acompa\u00f1ar a a su madre a realizar unos mandados y que luego regresaba. \u201c<b>Dijo que era cerca y que volv\u00eda enseguida. Hasta me dio un beso, se fue y nunca m\u00e1s volvi\u00f3<\/b>. Me desesper\u00e9, llam\u00e9 y llam\u00e9 y no me atendieron m\u00e1s. Llam\u00e9 al 911, fui a los hospitales a preguntar por si tuvieron un accidente\u201d, coment\u00f3 Cielo, la madre de Noah.<\/p>\n<p class=\"paragraph\">En di\u00e1logo con\u00a0<i>El Litoral<\/i>, Cielo le dej\u00f3 un mensaje al padre del ni\u00f1o: \u201cPor favor, Santiago, si estas viendo esto trae a Noah, tiene 2 a\u00f1os, la hermanita llora. Estamos todos muy tristes\u201d.<\/p>\n<div class=\"genoa_video raw relative\">\n<div class=\"aspect_ratio__container\">\n<div class=\"genoa-embed-content-1351739\"><\/div>\n<\/div>\n<\/div>\n<p class=\"paragraph\">El peque\u00f1o tiene tez blanca, ojos marrones, cabellos casta\u00f1o claro y largo hasta los hombros. Fue visto por \u00faltima vez con una remera verde y un short azul, y tiene un arito en su oreja izquierda.<\/p>\n<p class=\"paragraph\">Tras la denuncia del hecho, en la b\u00fasqueda interviene la Sub-comisar\u00eda 10\u00b0 de la Unidad Regional I de la Polic\u00eda de la Provincia, en conjunto con el Ministerio P\u00fablico de la Acusaci\u00f3n (MPA) Fiscal\u00eda Regional I a cargo de Marcelo Fontana.<\/p>\n<p class=\"paragraph\">\n<p class=\"paragraph\">El gobierno de Santa Fe public\u00f3 un comunicado donde solicita la m\u00e1s amplia colaboraci\u00f3n de toda la ciudadan\u00eda a los fines de recabar informaci\u00f3n que aporte a la b\u00fasqueda.\u00a0<b>Ante cualquier dato, es importante contactarse con la Secretar\u00eda de Derechos Humanos y Diversidad de Santa Fe (Mendoza 3443, de la ciudad de Santa Fe o Balcarce 1145 de la ciudad de Rosario), al correo electr\u00f3nico\u00a0<\/b><b>registronstafe@santafe.gov.ar<\/b><b>, o a los tel\u00e9fonos 3425357756 y 0800-5553348<\/b>.<\/p>\n<\/div>\n<p><\/main><\/div>\n<\/div>\n","protected":false},"excerpt":{"rendered":"<p>Un ni\u00f1o de 2 a\u00f1os\u00a0desapareci\u00f3\u00a0este s\u00e1bado en el barrio de\u00a0San Lorenzo, Santa Fe, y su madre lo busca intensamente.\u00a0Noah Beltr\u00e1n Sesma\u00a0sali\u00f3 con su padre y desde ese momento no se volvi\u00f3 a saber nada m\u00e1s sobre ninguno de los dos. La Secretar\u00eda de Derechos Humanos de su provincia solicit\u00f3 un pedido de paradero para ubicar [&hellip;]<\/p>\n","protected":false},"author":3,"featured_media":56377,"comment_status":"open","ping_status":"open","sticky":false,"template":"","format":"standard","meta":{"footnotes":""},"categories":[8,10,11],"tags":[],"class_list":["post-56376","post","type-post","status-publish","format-standard","has-post-thumbnail","hentry","category-policiales","category-provinciales","category-sociedad"],"_links":{"self":[{"href":"http:\/\/informateesquina.com\/index.php?rest_route=\/wp\/v2\/posts\/56376","targetHints":{"allow":["GET"]}}],"collection":[{"href":"http:\/\/informateesquina.com\/index.php?rest_route=\/wp\/v2\/posts"}],"about":[{"href":"http:\/\/informateesquina.com\/index.php?rest_route=\/wp\/v2\/types\/post"}],"author":[{"embeddable":true,"href":"http:\/\/informateesquina.com\/index.php?rest_route=\/wp\/v2\/users\/3"}],"replies":[{"embeddable":true,"href":"http:\/\/informateesquina.com\/index.php?rest_route=%2Fwp%2Fv2%2Fcomments&post=56376"}],"version-history":[{"count":0,"href":"http:\/\/informateesquina.com\/index.php?rest_route=\/wp\/v2\/posts\/56376\/revisions"}],"wp:featuredmedia":[{"embeddable":true,"href":"http:\/\/informateesquina.com\/index.php?rest_route=\/wp\/v2\/media\/56377"}],"wp:attachment":[{"href":"http:\/\/informateesquina.com\/index.php?rest_route=%2Fwp%2Fv2%2Fmedia&parent=56376"}],"wp:term":[{"taxonomy":"category","embeddable":true,"href":"http:\/\/informateesquina.com\/index.php?rest_route=%2Fwp%2Fv2%2Fcategories&post=56376"},{"taxonomy":"post_tag","embeddable":true,"href":"http:\/\/informateesquina.com\/index.php?rest_route=%2Fwp%2Fv2%2Ftags&post=56376"}],"curies":[{"name":"wp","href":"https:\/\/api.w.org\/{rel}","templated":true}]}}