{"id":56381,"date":"2022-11-02T19:41:01","date_gmt":"2022-11-02T22:41:01","guid":{"rendered":"https:\/\/informateesquina.com\/?p=56381"},"modified":"2022-11-02T19:41:01","modified_gmt":"2022-11-02T22:41:01","slug":"exploto-un-pelotero-inflable-un-nene-de-3-anos-salio-disparado-y-ahora-lucha-por-su-vida","status":"publish","type":"post","link":"http:\/\/informateesquina.com\/?p=56381","title":{"rendered":"Explot\u00f3 un pelotero inflable, un nene de 3 a\u00f1os sali\u00f3 disparado y ahora lucha por su vida"},"content":{"rendered":"<div class=\"content-article-title\">\n<div class=\"wrapper-layout flex center-content center_story max-width\">\n<div class=\"col-content\"><\/div>\n<\/div>\n<\/div>\n<div class=\"wrapper-layout flex center-content center_story max-width\">\n<div class=\"col-content\"><main class=\"col-content\"><\/p>\n<div class=\"article__header article__story article__article\">\n<div class=\"article__head\">\n<div class=\"article__lead-art article__lead-art-photo flex flex_column\">\n<figure class=\"\">\n<div class=\"aspect_ratio__container\"><picture class=\"responsive-image\"><img decoding=\"async\" class=\"width_full height_full article__lead-art-photo image_placeholder\" src=\"https:\/\/tn.com.ar\/resizer\/qrVWjFea4o3RIWLwoM8jQiCoGfk=\/767x0\/smart\/filters:format(webp)\/cloudfront-us-east-1.images.arcpublishing.com\/artear\/GBT25QTBZFHCDKYKGVMJF6BFXY.webp\" alt=\"El pelotero vol\u00f3 a causa de los fuertes vientos. (Foto: Ilustrativa gentileza Perfil)\" \/><\/picture><\/div><figcaption class=\"flex flex_column caption_image\">El pelotero vol\u00f3 a causa de los fuertes vientos. (Foto: Ilustrativa gentileza Perfil)<\/figcaption><\/figure>\n<\/div>\n<\/div>\n<div class=\"flex align_items_center horizontal-share relative\"><\/div>\n<\/div>\n<div class=\"default-article-color article__body article__article\">\n<p class=\"paragraph\">Un dram\u00e1tico episodio conmueve a la provincia de\u00a0<a href=\"https:\/\/tn.com.ar\/policiales\/2022\/10\/27\/condenaron-a-un-hombre-que-sedaba-a-su-hija-desde-los-10-anos-para-abusar-de-ella\/\" target=\"_blank\" rel=\"noopener\">Salta<\/a>. Un<b>\u00a0nene de 3 a\u00f1os\u00a0<\/b>se encuentra en grave estado luego de que el<b>\u00a0pelotero inflable\u00a0<\/b>donde se encontraba jugando\u00a0<b>volara por los aires y cayera de manera violenta al suelo.<\/b><\/p>\n<div id=\"arcAds-infeed\" class=\"infeed-container\"><\/div>\n<p class=\"paragraph\">Todo ocurri\u00f3 el pasado domingo en la localidad de San Lorenzo. Ese d\u00eda hubo fuertes r\u00e1fagas de viento en la zona que alcanzaron los 70 kil\u00f3metros por hora.<\/p>\n<p class=\"paragraph\">\n<p class=\"paragraph\">En el patio de una vivienda se estaba celebrando un<a href=\"https:\/\/tn.com.ar\/sociedad\/2022\/10\/13\/festejaba-un-cumpleanos-un-palo-que-se-volo-por-el-viento-le-dio-en-la-cabeza-y-murio-frente-a-su-familia\/\" target=\"_blank\" rel=\"noopener\">\u00a0cumplea\u00f1os<\/a>\u00a0infantil cuando todo comenz\u00f3 a ser peor y el viento hizo que\u00a0<b>el pelotero inflable volara por los aires<\/b>\u00a0antes de que los padres pudieran sacar a todos los ni\u00f1os que jugaban en el interior, seg\u00fan inform\u00f3 el medio local<i>\u00a0FM Profesional.<\/i><\/p>\n<p class=\"paragraph\">El castillo se levant\u00f3<b>\u00a0m\u00e1s de tres metros\u00a0<\/b>y segundos despu\u00e9s cay\u00f3 con fuerza contra el suelo. All\u00ed el peque\u00f1o de 3 a\u00f1os que estaba dentro sufri\u00f3\u00a0<b>fuertes golpes en la cabeza<\/b>\u00a0y debi\u00f3 ser trasladado al Hospital Materno Infantil de la capital provincial.<\/p>\n<figure class=\"\">\n<div class=\"aspect_ratio__container\"><picture class=\"responsive-image\"><source srcset=\"https:\/\/tn.com.ar\/resizer\/dL7eUZr4isQPDlllURcC63M8EQk=\/767x0\/smart\/filters:format(webp)\/cloudfront-us-east-1.images.arcpublishing.com\/artear\/LQNK5AAYLVH4BIYTZ462TVCIOE.jpg\" type=\"image\/jpg\" media=\"(max-width: 728px)\" \/><source srcset=\"https:\/\/tn.com.ar\/resizer\/iFemeGEZsZYgq03cY7lyXAf3JHk=\/1023x0\/smart\/filters:format(webp)\/cloudfront-us-east-1.images.arcpublishing.com\/artear\/LQNK5AAYLVH4BIYTZ462TVCIOE.jpg\" type=\"image\/jpg\" media=\"(max-width: 1023px)\" \/><source srcset=\"https:\/\/tn.com.ar\/resizer\/mdQbqqbrRp1k0vInnYSNoHj6X48=\/1440x0\/smart\/filters:format(webp)\/cloudfront-us-east-1.images.arcpublishing.com\/artear\/LQNK5AAYLVH4BIYTZ462TVCIOE.jpg\" type=\"image\/jpg\" \/><img decoding=\"async\" class=\"margin_bottom image flex flex_column image_placeholder\" src=\"https:\/\/tn.com.ar\/resizer\/dL7eUZr4isQPDlllURcC63M8EQk=\/767x0\/smart\/filters:format(webp)\/cloudfront-us-east-1.images.arcpublishing.com\/artear\/LQNK5AAYLVH4BIYTZ462TVCIOE.jpg\" alt=\"El ni\u00f1o permanece en terapia intensiva. (Foto: gentileza quepasasalta)\" \/><\/picture><\/div><figcaption class=\"flex flex_column caption_image\">El ni\u00f1o permanece en terapia intensiva. (Foto: gentileza quepasasalta)<\/figcaption><\/figure>\n<p class=\"paragraph\">De acuerdo al parte m\u00e9dico, el nene lleg\u00f3 inconsciente al centro de salud. En el lugar determinaron que hab\u00eda sufrido un<b>\u00a0traumatismo encefalocraneano grave<\/b>\u00a0y politraumatismos.<\/p>\n<p class=\"paragraph\">Tambi\u00e9n debieron aplicarle asistencia respiratoria mec\u00e1nica y qued\u00f3 internado en<b>\u00a0terapia intensiva.\u00a0<\/b>Luego de que se le realizara una tomograf\u00eda computada decidieron que fuera intervenido por un neurocirujano.<\/p>\n<p class=\"paragraph\">\n<p class=\"paragraph\">Tras la operaci\u00f3n, el peque\u00f1o contin\u00faa alojado en la unidad de terapia intensiva. En un comunicado oficial, la m\u00e9dica pediatra Marianela Altamirano, quien se encuentra asistiendo al ni\u00f1o, explic\u00f3 que contin\u00faa \u201cen grave estado con un tratamiento de primera l\u00ednea para prevenir la hipertensi\u00f3n endocraneana\u201d y a\u00f1adi\u00f3: \u201cEsperamos su evoluci\u00f3n para los pr\u00f3ximos d\u00edas\u201d.<\/p>\n<p class=\"paragraph\">Adem\u00e1s, a causa de los fuertes vientos que sucedieron en los \u00faltimos d\u00edas, llam\u00f3 a \u201cverificar d\u00f3nde se ubica el juego y la circunstancia clim\u00e1tica en el momento de utilizarlo\u201d.<\/p>\n<\/div>\n<p><\/main><\/div>\n<\/div>\n","protected":false},"excerpt":{"rendered":"<p>El pelotero vol\u00f3 a causa de los fuertes vientos. (Foto: Ilustrativa gentileza Perfil) Un dram\u00e1tico episodio conmueve a la provincia de\u00a0Salta. Un\u00a0nene de 3 a\u00f1os\u00a0se encuentra en grave estado luego de que el\u00a0pelotero inflable\u00a0donde se encontraba jugando\u00a0volara por los aires y cayera de manera violenta al suelo. Todo ocurri\u00f3 el pasado domingo en la localidad [&hellip;]<\/p>\n","protected":false},"author":3,"featured_media":56382,"comment_status":"open","ping_status":"open","sticky":false,"template":"","format":"standard","meta":{"footnotes":""},"categories":[7,8,11],"tags":[],"class_list":["post-56381","post","type-post","status-publish","format-standard","has-post-thumbnail","hentry","category-nacionales","category-policiales","category-sociedad"],"_links":{"self":[{"href":"http:\/\/informateesquina.com\/index.php?rest_route=\/wp\/v2\/posts\/56381","targetHints":{"allow":["GET"]}}],"collection":[{"href":"http:\/\/informateesquina.com\/index.php?rest_route=\/wp\/v2\/posts"}],"about":[{"href":"http:\/\/informateesquina.com\/index.php?rest_route=\/wp\/v2\/types\/post"}],"author":[{"embeddable":true,"href":"http:\/\/informateesquina.com\/index.php?rest_route=\/wp\/v2\/users\/3"}],"replies":[{"embeddable":true,"href":"http:\/\/informateesquina.com\/index.php?rest_route=%2Fwp%2Fv2%2Fcomments&post=56381"}],"version-history":[{"count":0,"href":"http:\/\/informateesquina.com\/index.php?rest_route=\/wp\/v2\/posts\/56381\/revisions"}],"wp:featuredmedia":[{"embeddable":true,"href":"http:\/\/informateesquina.com\/index.php?rest_route=\/wp\/v2\/media\/56382"}],"wp:attachment":[{"href":"http:\/\/informateesquina.com\/index.php?rest_route=%2Fwp%2Fv2%2Fmedia&parent=56381"}],"wp:term":[{"taxonomy":"category","embeddable":true,"href":"http:\/\/informateesquina.com\/index.php?rest_route=%2Fwp%2Fv2%2Fcategories&post=56381"},{"taxonomy":"post_tag","embeddable":true,"href":"http:\/\/informateesquina.com\/index.php?rest_route=%2Fwp%2Fv2%2Ftags&post=56381"}],"curies":[{"name":"wp","href":"https:\/\/api.w.org\/{rel}","templated":true}]}}