{"id":56393,"date":"2022-11-03T21:21:09","date_gmt":"2022-11-04T00:21:09","guid":{"rendered":"https:\/\/informateesquina.com\/?p=56393"},"modified":"2022-11-03T21:21:09","modified_gmt":"2022-11-04T00:21:09","slug":"los-empleados-publicos-de-corrientes-tendran-un-bono-de-fin-de-ano","status":"publish","type":"post","link":"http:\/\/informateesquina.com\/?p=56393","title":{"rendered":"Los empleados p\u00fablicos de Corrientes tendr\u00e1n un bono de fin de a\u00f1o"},"content":{"rendered":"<section class=\"body\">\n<section class=\"content\">\n<figure class=\"big-column\">Gustavo Vald\u00e9s, gobernador de Corrientes, habl\u00f3 con la prensa sobre la pol\u00edtica salarial que aplicar\u00e1n en los meses que quedan del 2022.<\/figure>\n<div class=\"main-text\">\n<p>&#8220;Estamos por dar a conocer en un tiempo cu\u00e1l es la mejora salarial que vamos a tener y de cu\u00e1nto va a ser el bono para el mes de diciembre&#8221;, confirm\u00f3 el mandatario.<\/p>\n<p>Por otro lado, el Gobernador adelant\u00f3 que este fin de a\u00f1o se dispondr\u00e1 de una canasta navide\u00f1a con productos con descuentos, como vienen aplicando desde hace varios a\u00f1os.<\/p>\n<\/div>\n<\/section>\n<\/section>\n","protected":false},"excerpt":{"rendered":"<p>Gustavo Vald\u00e9s, gobernador de Corrientes, habl\u00f3 con la prensa sobre la pol\u00edtica salarial que aplicar\u00e1n en los meses que quedan del 2022. &#8220;Estamos por dar a conocer en un tiempo cu\u00e1l es la mejora salarial que vamos a tener y de cu\u00e1nto va a ser el bono para el mes de diciembre&#8221;, confirm\u00f3 el mandatario. [&hellip;]<\/p>\n","protected":false},"author":3,"featured_media":56395,"comment_status":"open","ping_status":"open","sticky":false,"template":"","format":"standard","meta":{"footnotes":""},"categories":[9,10,11],"tags":[136],"class_list":["post-56393","post","type-post","status-publish","format-standard","has-post-thumbnail","hentry","category-politica","category-provinciales","category-sociedad","tag-destacados"],"_links":{"self":[{"href":"http:\/\/informateesquina.com\/index.php?rest_route=\/wp\/v2\/posts\/56393","targetHints":{"allow":["GET"]}}],"collection":[{"href":"http:\/\/informateesquina.com\/index.php?rest_route=\/wp\/v2\/posts"}],"about":[{"href":"http:\/\/informateesquina.com\/index.php?rest_route=\/wp\/v2\/types\/post"}],"author":[{"embeddable":true,"href":"http:\/\/informateesquina.com\/index.php?rest_route=\/wp\/v2\/users\/3"}],"replies":[{"embeddable":true,"href":"http:\/\/informateesquina.com\/index.php?rest_route=%2Fwp%2Fv2%2Fcomments&post=56393"}],"version-history":[{"count":0,"href":"http:\/\/informateesquina.com\/index.php?rest_route=\/wp\/v2\/posts\/56393\/revisions"}],"wp:featuredmedia":[{"embeddable":true,"href":"http:\/\/informateesquina.com\/index.php?rest_route=\/wp\/v2\/media\/56395"}],"wp:attachment":[{"href":"http:\/\/informateesquina.com\/index.php?rest_route=%2Fwp%2Fv2%2Fmedia&parent=56393"}],"wp:term":[{"taxonomy":"category","embeddable":true,"href":"http:\/\/informateesquina.com\/index.php?rest_route=%2Fwp%2Fv2%2Fcategories&post=56393"},{"taxonomy":"post_tag","embeddable":true,"href":"http:\/\/informateesquina.com\/index.php?rest_route=%2Fwp%2Fv2%2Ftags&post=56393"}],"curies":[{"name":"wp","href":"https:\/\/api.w.org\/{rel}","templated":true}]}}