{"id":56397,"date":"2022-11-03T21:23:12","date_gmt":"2022-11-04T00:23:12","guid":{"rendered":"https:\/\/informateesquina.com\/?p=56397"},"modified":"2022-11-03T21:23:20","modified_gmt":"2022-11-04T00:23:20","slug":"escandalo-en-corrientes-iniciaran-una-investigacion-por-titulos-docentes-truchos","status":"publish","type":"post","link":"http:\/\/informateesquina.com\/?p=56397","title":{"rendered":"Esc\u00e1ndalo en Corrientes: Iniciar\u00e1n una investigaci\u00f3n por t\u00edtulos docentes truchos"},"content":{"rendered":"<section class=\"body\">\n<section class=\"content\">\n<figure class=\"big-column\">Ante esta situaci\u00f3n, se iniciaron las acciones tendientes a constatar la naturaleza de estas irregularidades, se procedi\u00f3 a citar a los docentes implicados solicitando la presentaci\u00f3n de los originales correspondientes, luego se procedi\u00f3 al labrado de actas de descargo y seguidamente se solicit\u00f3 informe a SIMA y la Direcci\u00f3n de T\u00edtulos respectivamente.<\/figure>\n<div class=\"main-text\">\n<p>En funci\u00f3n de los datos resultantes de los procedimientos mencionados se iniciaron los expedientes tendientes a dar curso a los tramites de rigor, en el caso de docentes interinos y titulares, se elev\u00f3 a la Asesor\u00eda Legal a los efectos de dictaminar la instrucci\u00f3n sumarial si correspondiere y en el caso de los aspirantes a interinatos y suplencias se instruy\u00f3 pertinentemente las sanciones previstas en el estatuto docente.<\/p>\n<p>En comunicaci\u00f3n con Radio Dos, el subsecretario de Gesti\u00f3n Educativa, Julio Navias, aclar\u00f3 que &#8220;no son t\u00edtulos lo que se han detectado como irregulares o ap\u00f3crifos&#8221;.<\/p>\n<p>Adem\u00e1s, explic\u00f3 como detectaron los casos: &#8220;Cuando ponemos la lectora sobre el c\u00f3digo QR se detecta que no coinciden el nombre del docente que presenta el certifica con el que figuraba en QR, porque era otra persona&#8221;.<\/p>\n<p>&#8220;Ante esa situaci\u00f3n se hace una citaci\u00f3n al docente para que presente una documental para que se constituya en la junta de clasificaci\u00f3n con los originales y corroborar si eso segu\u00eda no coincidiendo o si hab\u00eda alg\u00fan error. Y cuando lo citamos para que presente los originales no los ten\u00edan. Esa situaci\u00f3n que detectamos fue de 8 casos&#8221;, cont\u00f3 Navias.<\/p>\n<p>Y luego agreg\u00f3 que &#8220;Se le dio la oportunidad a los docentes que hagan sus descargos. Y en el caso de los que son interinos y suplentes se les aplica las sanciones correspondientes de acuerdo al estatuto&#8221;<\/p>\n<p>&#8220;Despu\u00e9s hay un par de casos de docentes titulares a los que se les abri\u00f3 un expediente administrativo y seguramente se les har\u00e1 un sumario. Hasta es posible una denuncia penal por falsificaci\u00f3n de documentos p\u00fablicos&#8221;, se\u00f1al\u00f3.<\/p>\n<\/div>\n<\/section>\n<\/section>\n","protected":false},"excerpt":{"rendered":"<p>Ante esta situaci\u00f3n, se iniciaron las acciones tendientes a constatar la naturaleza de estas irregularidades, se procedi\u00f3 a citar a los docentes implicados solicitando la presentaci\u00f3n de los originales correspondientes, luego se procedi\u00f3 al labrado de actas de descargo y seguidamente se solicit\u00f3 informe a SIMA y la Direcci\u00f3n de T\u00edtulos respectivamente. En funci\u00f3n de [&hellip;]<\/p>\n","protected":false},"author":3,"featured_media":56398,"comment_status":"open","ping_status":"open","sticky":false,"template":"","format":"standard","meta":{"footnotes":""},"categories":[9,10,11],"tags":[],"class_list":["post-56397","post","type-post","status-publish","format-standard","has-post-thumbnail","hentry","category-politica","category-provinciales","category-sociedad"],"_links":{"self":[{"href":"http:\/\/informateesquina.com\/index.php?rest_route=\/wp\/v2\/posts\/56397","targetHints":{"allow":["GET"]}}],"collection":[{"href":"http:\/\/informateesquina.com\/index.php?rest_route=\/wp\/v2\/posts"}],"about":[{"href":"http:\/\/informateesquina.com\/index.php?rest_route=\/wp\/v2\/types\/post"}],"author":[{"embeddable":true,"href":"http:\/\/informateesquina.com\/index.php?rest_route=\/wp\/v2\/users\/3"}],"replies":[{"embeddable":true,"href":"http:\/\/informateesquina.com\/index.php?rest_route=%2Fwp%2Fv2%2Fcomments&post=56397"}],"version-history":[{"count":0,"href":"http:\/\/informateesquina.com\/index.php?rest_route=\/wp\/v2\/posts\/56397\/revisions"}],"wp:featuredmedia":[{"embeddable":true,"href":"http:\/\/informateesquina.com\/index.php?rest_route=\/wp\/v2\/media\/56398"}],"wp:attachment":[{"href":"http:\/\/informateesquina.com\/index.php?rest_route=%2Fwp%2Fv2%2Fmedia&parent=56397"}],"wp:term":[{"taxonomy":"category","embeddable":true,"href":"http:\/\/informateesquina.com\/index.php?rest_route=%2Fwp%2Fv2%2Fcategories&post=56397"},{"taxonomy":"post_tag","embeddable":true,"href":"http:\/\/informateesquina.com\/index.php?rest_route=%2Fwp%2Fv2%2Ftags&post=56397"}],"curies":[{"name":"wp","href":"https:\/\/api.w.org\/{rel}","templated":true}]}}