{"id":56403,"date":"2022-11-03T21:32:29","date_gmt":"2022-11-04T00:32:29","guid":{"rendered":"https:\/\/informateesquina.com\/?p=56403"},"modified":"2022-11-03T21:33:03","modified_gmt":"2022-11-04T00:33:03","slug":"corrientes-detuvieron-a-un-hombre-que-robo-sillas-de-un-bar","status":"publish","type":"post","link":"http:\/\/informateesquina.com\/?p=56403","title":{"rendered":"Corrientes: detuvieron a un hombre que rob\u00f3 sillas de un bar"},"content":{"rendered":"<section class=\"body\">\n<section class=\"content\">\n<div class=\"main-text\">\n<div class=\"center large m_image\">\n<figure><picture><img loading=\"lazy\" decoding=\"async\" class=\"pic\" src=\"https:\/\/www.lt7noticias.com\/content\/bucket\/5\/36175w770h424c.png.webp\" alt=\"\" width=\"770\" height=\"424\" \/><\/picture><\/figure>\n<\/div>\n<p>Este mi\u00e9rcoles, desde un comercio ubicado en inmediaciones de las calles Pl\u00e1cido Mart\u00ednez y San Juan, denunciaron que una persona habr\u00eda sustra\u00eddo unos elementos.<\/p>\n<p>Polic\u00edas del GRIM1 se dirigieron al lugar y al llegar, observaron a una persona que se acerca a unos arbustos y al notar la presencia policial, se aleja r\u00e1pidamente del lugar.<\/p>\n<p>Al inspeccionar el sitio hallaron y secuestraron dos silletas plegables de maderas, ocultas entre unos planteros.<\/p>\n<p>Con la colaboraci\u00f3n del G.R.I.M. 3, realizaron un dispositivo de seguridad, lo que permiti\u00f3 que en las cercan\u00edas de las calles San Juan y 25 de Mayo, lograran localizar y demorar a esta persona que se habr\u00eda retirado momentos antes, trat\u00e1ndose de un joven de 25 a\u00f1os de edad.<\/p>\n<p>El demorado y lo secuestrado, fue trasladado a la Comisar\u00eda Primera.<\/p>\n<\/div>\n<\/section>\n<\/section>\n","protected":false},"excerpt":{"rendered":"<p>Este mi\u00e9rcoles, desde un comercio ubicado en inmediaciones de las calles Pl\u00e1cido Mart\u00ednez y San Juan, denunciaron que una persona habr\u00eda sustra\u00eddo unos elementos. Polic\u00edas del GRIM1 se dirigieron al lugar y al llegar, observaron a una persona que se acerca a unos arbustos y al notar la presencia policial, se aleja r\u00e1pidamente del lugar. [&hellip;]<\/p>\n","protected":false},"author":3,"featured_media":56404,"comment_status":"open","ping_status":"open","sticky":false,"template":"","format":"standard","meta":{"footnotes":""},"categories":[8,10,11],"tags":[],"class_list":["post-56403","post","type-post","status-publish","format-standard","has-post-thumbnail","hentry","category-policiales","category-provinciales","category-sociedad"],"_links":{"self":[{"href":"http:\/\/informateesquina.com\/index.php?rest_route=\/wp\/v2\/posts\/56403","targetHints":{"allow":["GET"]}}],"collection":[{"href":"http:\/\/informateesquina.com\/index.php?rest_route=\/wp\/v2\/posts"}],"about":[{"href":"http:\/\/informateesquina.com\/index.php?rest_route=\/wp\/v2\/types\/post"}],"author":[{"embeddable":true,"href":"http:\/\/informateesquina.com\/index.php?rest_route=\/wp\/v2\/users\/3"}],"replies":[{"embeddable":true,"href":"http:\/\/informateesquina.com\/index.php?rest_route=%2Fwp%2Fv2%2Fcomments&post=56403"}],"version-history":[{"count":0,"href":"http:\/\/informateesquina.com\/index.php?rest_route=\/wp\/v2\/posts\/56403\/revisions"}],"wp:featuredmedia":[{"embeddable":true,"href":"http:\/\/informateesquina.com\/index.php?rest_route=\/wp\/v2\/media\/56404"}],"wp:attachment":[{"href":"http:\/\/informateesquina.com\/index.php?rest_route=%2Fwp%2Fv2%2Fmedia&parent=56403"}],"wp:term":[{"taxonomy":"category","embeddable":true,"href":"http:\/\/informateesquina.com\/index.php?rest_route=%2Fwp%2Fv2%2Fcategories&post=56403"},{"taxonomy":"post_tag","embeddable":true,"href":"http:\/\/informateesquina.com\/index.php?rest_route=%2Fwp%2Fv2%2Ftags&post=56403"}],"curies":[{"name":"wp","href":"https:\/\/api.w.org\/{rel}","templated":true}]}}