{"id":56406,"date":"2022-11-03T22:08:58","date_gmt":"2022-11-04T01:08:58","guid":{"rendered":"https:\/\/informateesquina.com\/?p=56406"},"modified":"2022-11-03T22:08:58","modified_gmt":"2022-11-04T01:08:58","slug":"que-dice-la-nueva-veda-pesquera-que-se-implementara-desde-este-lunes","status":"publish","type":"post","link":"http:\/\/informateesquina.com\/?p=56406","title":{"rendered":"Qu\u00e9 dice la nueva veda pesquera que se implementar\u00e1 desde este lunes"},"content":{"rendered":"<p>Se permitir\u00e1 la pesca deportiva con devoluci\u00f3n y se limitar\u00e1 la pesca comercial a tres d\u00edas por semana.\u00a0&#8220;La eficaz protecci\u00f3n de las especies \u00edcticas en todo el territorio de la Provincia de Corrientes, y en especial aquellas sobre las que recae una mayor presi\u00f3n de pesca, resulta necesario la implantaci\u00f3n de un periodo temporal de veda continuo, como una medida m\u00e1s para lograr la preservaci\u00f3n de las distintas especies de peces&#8221;, aseguran en la resoluci\u00f3n firmada por Agust\u00edn Portela.<\/p>\n<p>&#8220;La provincia ha consensuado con las restantes provincias de la cuenca, pretendiendo tener un enfoque ecosist\u00e9mico del recurso, que asegure su racional aprovechamiento. Siendo<br \/>\ntambi\u00e9n necesario que los usufructuarios del recurso redoblen esfuerzos para el cuidado, no olvidando que es una obligaci\u00f3n de todos; y desde este organismo se instruir\u00e1 al \u00e1rea de fiscalizaci\u00f3n a redoblar esfuerzos para el control de la actividades&#8221; agrega.<\/p>\n<p>Por eso el art\u00edculo 1 de fija: &#8220;Implementar la como \u00fanica modalidad de pesca deportiva autorizada a la pesca con devoluci\u00f3n en la totalidad de la jurisdicci\u00f3n de la Provincia de Corrientes sobre todos los cursos de r\u00edos y aguas interiores desde la hora 00:00 del d\u00eda 7\u00b0 de noviembre de 2.022, hasta la hora 24:00 del d\u00eda 23 de diciembre de 2022&#8221;.<\/p>\n<p>El art\u00edculo 2 establece &#8220;reducir a tres d\u00edas por semana el ejercicio de la pesca comercial que podr\u00e1 ejercerse \u00fanicamente los d\u00edas lunes, martes y mi\u00e9rcoles desde la hora 00:00 del d\u00eda 7\u00b0 de noviembre de 2.022, hasta la hora 24:00 del d\u00eda 23 de diciembre de 2.022&#8221;.<\/p>\n<p>&#8220;Art\u00edculo 3: La modalidad de pesca deportiva y comercial podr\u00e1 sufrir ampliaciones en caso de que los departamentos t\u00e9cnicos as\u00ed lo sugieran, o la suspensi\u00f3n de las modalidades ante eventos extraordinarios de concentraci\u00f3n de ejemplares que ampl\u00eden o coloquen en vulnerabilidad a los mismos&#8221;.<\/p>\n<p>&#8220;Art\u00edculo 4\u00b0: Queda prohibida toda modalidad de pesca en el tramo del R\u00edo Paran\u00e1, comprendido entre la l\u00ednea imaginaria que une la caba\u00f1a Don Juli\u00e1n y el destacamento de Prefectura Naval Argentina en la Isla del Cerrito, hasta la zona denominada \u201cLos Cables\u201d, en el resto de las aguas jurisdiccionales de la Provincia ser\u00e1 de aplicaci\u00f3n lo establecido en el art\u00edculo 1\u00b0 y 2\u00b0 de la presente.<\/p>\n","protected":false},"excerpt":{"rendered":"<p>Se permitir\u00e1 la pesca deportiva con devoluci\u00f3n y se limitar\u00e1 la pesca comercial a tres d\u00edas por semana.\u00a0&#8220;La eficaz protecci\u00f3n de las especies \u00edcticas en todo el territorio de la Provincia de Corrientes, y en especial aquellas sobre las que recae una mayor presi\u00f3n de pesca, resulta necesario la implantaci\u00f3n de un periodo temporal de [&hellip;]<\/p>\n","protected":false},"author":3,"featured_media":56407,"comment_status":"open","ping_status":"open","sticky":false,"template":"","format":"standard","meta":{"footnotes":""},"categories":[6,11],"tags":[],"class_list":["post-56406","post","type-post","status-publish","format-standard","has-post-thumbnail","hentry","category-locales","category-sociedad"],"_links":{"self":[{"href":"http:\/\/informateesquina.com\/index.php?rest_route=\/wp\/v2\/posts\/56406","targetHints":{"allow":["GET"]}}],"collection":[{"href":"http:\/\/informateesquina.com\/index.php?rest_route=\/wp\/v2\/posts"}],"about":[{"href":"http:\/\/informateesquina.com\/index.php?rest_route=\/wp\/v2\/types\/post"}],"author":[{"embeddable":true,"href":"http:\/\/informateesquina.com\/index.php?rest_route=\/wp\/v2\/users\/3"}],"replies":[{"embeddable":true,"href":"http:\/\/informateesquina.com\/index.php?rest_route=%2Fwp%2Fv2%2Fcomments&post=56406"}],"version-history":[{"count":0,"href":"http:\/\/informateesquina.com\/index.php?rest_route=\/wp\/v2\/posts\/56406\/revisions"}],"wp:featuredmedia":[{"embeddable":true,"href":"http:\/\/informateesquina.com\/index.php?rest_route=\/wp\/v2\/media\/56407"}],"wp:attachment":[{"href":"http:\/\/informateesquina.com\/index.php?rest_route=%2Fwp%2Fv2%2Fmedia&parent=56406"}],"wp:term":[{"taxonomy":"category","embeddable":true,"href":"http:\/\/informateesquina.com\/index.php?rest_route=%2Fwp%2Fv2%2Fcategories&post=56406"},{"taxonomy":"post_tag","embeddable":true,"href":"http:\/\/informateesquina.com\/index.php?rest_route=%2Fwp%2Fv2%2Ftags&post=56406"}],"curies":[{"name":"wp","href":"https:\/\/api.w.org\/{rel}","templated":true}]}}