{"id":56413,"date":"2022-11-03T22:54:18","date_gmt":"2022-11-04T01:54:18","guid":{"rendered":"https:\/\/informateesquina.com\/?p=56413"},"modified":"2022-11-03T22:54:18","modified_gmt":"2022-11-04T01:54:18","slug":"esquina-asesinaron-a-punaladas-a-un-joven-de-25-anos","status":"publish","type":"post","link":"http:\/\/informateesquina.com\/?p=56413","title":{"rendered":"Esquina: asesinaron a pu\u00f1aladas a un joven de 25 a\u00f1os"},"content":{"rendered":"<p>El hecho se produjo este jueves cerca de las 22: 00 en en el barrio San Benito. Aparentemente se trat\u00f3 de un enfrentamiento entre dos j\u00f3venes.<\/p>\n<p>La v\u00edctima de 25 a\u00f1os fue identificado con el apellido Yandet de 25 a\u00f1os. Trabaja en el lugar personal policial de la Comisar\u00eda Segunda.<\/p>\n<p><em>Con informaci\u00f3n de <span class=\"x193iq5w xeuugli x13faqbe x1vvkbs x1xmvt09 x6prxxf xvq8zen xo1l8bm xi81zsa\"><span class=\"xt0psk2\">Sociales y Noticias Esquina Corrientes<\/span><\/span><\/em><\/p>\n<p>&nbsp;<\/p>\n","protected":false},"excerpt":{"rendered":"<p>El hecho se produjo este jueves cerca de las 22: 00 en en el barrio San Benito. Aparentemente se trat\u00f3 de un enfrentamiento entre dos j\u00f3venes. La v\u00edctima de 25 a\u00f1os fue identificado con el apellido Yandet de 25 a\u00f1os. Trabaja en el lugar personal policial de la Comisar\u00eda Segunda. Con informaci\u00f3n de Sociales y [&hellip;]<\/p>\n","protected":false},"author":3,"featured_media":56414,"comment_status":"open","ping_status":"open","sticky":false,"template":"","format":"standard","meta":{"footnotes":""},"categories":[8,10,11],"tags":[136],"class_list":["post-56413","post","type-post","status-publish","format-standard","has-post-thumbnail","hentry","category-policiales","category-provinciales","category-sociedad","tag-destacados"],"_links":{"self":[{"href":"http:\/\/informateesquina.com\/index.php?rest_route=\/wp\/v2\/posts\/56413","targetHints":{"allow":["GET"]}}],"collection":[{"href":"http:\/\/informateesquina.com\/index.php?rest_route=\/wp\/v2\/posts"}],"about":[{"href":"http:\/\/informateesquina.com\/index.php?rest_route=\/wp\/v2\/types\/post"}],"author":[{"embeddable":true,"href":"http:\/\/informateesquina.com\/index.php?rest_route=\/wp\/v2\/users\/3"}],"replies":[{"embeddable":true,"href":"http:\/\/informateesquina.com\/index.php?rest_route=%2Fwp%2Fv2%2Fcomments&post=56413"}],"version-history":[{"count":0,"href":"http:\/\/informateesquina.com\/index.php?rest_route=\/wp\/v2\/posts\/56413\/revisions"}],"wp:featuredmedia":[{"embeddable":true,"href":"http:\/\/informateesquina.com\/index.php?rest_route=\/wp\/v2\/media\/56414"}],"wp:attachment":[{"href":"http:\/\/informateesquina.com\/index.php?rest_route=%2Fwp%2Fv2%2Fmedia&parent=56413"}],"wp:term":[{"taxonomy":"category","embeddable":true,"href":"http:\/\/informateesquina.com\/index.php?rest_route=%2Fwp%2Fv2%2Fcategories&post=56413"},{"taxonomy":"post_tag","embeddable":true,"href":"http:\/\/informateesquina.com\/index.php?rest_route=%2Fwp%2Fv2%2Ftags&post=56413"}],"curies":[{"name":"wp","href":"https:\/\/api.w.org\/{rel}","templated":true}]}}