{"id":56433,"date":"2022-11-07T18:03:38","date_gmt":"2022-11-07T21:03:38","guid":{"rendered":"https:\/\/informateesquina.com\/?p=56433"},"modified":"2022-11-07T18:33:13","modified_gmt":"2022-11-07T21:33:13","slug":"camionero-correntino-murio-tras-volcar-en-comodoro-rivadavia","status":"publish","type":"post","link":"http:\/\/informateesquina.com\/?p=56433","title":{"rendered":"Camionero correntino muri\u00f3 tras volcar en Comodoro Rivadavia"},"content":{"rendered":"<div>\n<p class=\"copete\">Este domingo sobre las 16:30 horas un cami\u00f3n volc\u00f3 en el m\u00f3dulo de acceso norte a Comodoro Rivadavia. El chofer del mismo fue encontrado en su interior sin vida. Hab\u00eda quedado atrapado en el habit\u00e1culo del cami\u00f3n.<\/p>\n<\/div>\n<div class=\"cuerpo\">\n<p>Seg\u00fan informaci\u00f3n policial, no hab\u00eda otro rodado involucrado en el accidente. El hombre fallecido ten\u00eda 64 a\u00f1os y era oriundo de Corrientes.<\/p>\n<p>El vuelco ocurri\u00f3 en el kil\u00f3metro 1782 de la Ruta Nacional N\u00ba3. En el accidente intervinieron bomberos del Cuartel Central y del Destacamento N\u00ba2, junto con personal de la comisar\u00eda de Gral Mosconi.<\/p>\n<\/div>\n<p><img loading=\"lazy\" decoding=\"async\" class=\"alignnone wp-image-56435 size-full\" src=\"https:\/\/informateesquina.com\/wp-content\/uploads\/2022\/11\/ohouh.jpg\" alt=\"\" width=\"1620\" height=\"841\" srcset=\"http:\/\/informateesquina.com\/wp-content\/uploads\/2022\/11\/ohouh.jpg 1620w, http:\/\/informateesquina.com\/wp-content\/uploads\/2022\/11\/ohouh-300x156.jpg 300w, http:\/\/informateesquina.com\/wp-content\/uploads\/2022\/11\/ohouh-1024x532.jpg 1024w, http:\/\/informateesquina.com\/wp-content\/uploads\/2022\/11\/ohouh-768x399.jpg 768w, http:\/\/informateesquina.com\/wp-content\/uploads\/2022\/11\/ohouh-1536x797.jpg 1536w, http:\/\/informateesquina.com\/wp-content\/uploads\/2022\/11\/ohouh-750x389.jpg 750w, http:\/\/informateesquina.com\/wp-content\/uploads\/2022\/11\/ohouh-1140x592.jpg 1140w\" sizes=\"auto, (max-width: 1620px) 100vw, 1620px\" \/><\/p>\n<div class=\"cuerpo\">\n<p>Seg\u00fan se indic\u00f3, el veh\u00edculo estaba en un sector de curva. El chofer fallecido era el \u00fanico ocupante del rodado.<\/p>\n<p>Fuentes policiales dan cuenta que se trata de\u00a0Jos\u00e9 Abel Blanco Mi\u00f1o Sosa, de 64 a\u00f1os,\u00a0quien conduc\u00eda un cami\u00f3n Scania P340 con acoplado. El rodado despist\u00f3 en zona de curva a 80 metros del moj\u00f3n Km.1782 de la Ruta Nacional N\u00ba3, sale de la calzada -de sur a norte- y vuelca sobre la banquina, sin obstruir la circulaci\u00f3n en ruta.<\/p>\n<p>El deceso del camionero fue constatado en el lugar, y su cuerpo se traslad\u00f3 a la morgue judicial, en tanto que el veh\u00edculo fue secuestrado preventivamente.<\/p>\n<p>Fuente: ADNSUR<\/p>\n<\/div>\n","protected":false},"excerpt":{"rendered":"<p>Este domingo sobre las 16:30 horas un cami\u00f3n volc\u00f3 en el m\u00f3dulo de acceso norte a Comodoro Rivadavia. El chofer del mismo fue encontrado en su interior sin vida. Hab\u00eda quedado atrapado en el habit\u00e1culo del cami\u00f3n. Seg\u00fan informaci\u00f3n policial, no hab\u00eda otro rodado involucrado en el accidente. El hombre fallecido ten\u00eda 64 a\u00f1os y [&hellip;]<\/p>\n","protected":false},"author":3,"featured_media":56434,"comment_status":"open","ping_status":"open","sticky":false,"template":"","format":"standard","meta":{"footnotes":""},"categories":[8,10,11],"tags":[136],"class_list":["post-56433","post","type-post","status-publish","format-standard","has-post-thumbnail","hentry","category-policiales","category-provinciales","category-sociedad","tag-destacados"],"_links":{"self":[{"href":"http:\/\/informateesquina.com\/index.php?rest_route=\/wp\/v2\/posts\/56433","targetHints":{"allow":["GET"]}}],"collection":[{"href":"http:\/\/informateesquina.com\/index.php?rest_route=\/wp\/v2\/posts"}],"about":[{"href":"http:\/\/informateesquina.com\/index.php?rest_route=\/wp\/v2\/types\/post"}],"author":[{"embeddable":true,"href":"http:\/\/informateesquina.com\/index.php?rest_route=\/wp\/v2\/users\/3"}],"replies":[{"embeddable":true,"href":"http:\/\/informateesquina.com\/index.php?rest_route=%2Fwp%2Fv2%2Fcomments&post=56433"}],"version-history":[{"count":0,"href":"http:\/\/informateesquina.com\/index.php?rest_route=\/wp\/v2\/posts\/56433\/revisions"}],"wp:featuredmedia":[{"embeddable":true,"href":"http:\/\/informateesquina.com\/index.php?rest_route=\/wp\/v2\/media\/56434"}],"wp:attachment":[{"href":"http:\/\/informateesquina.com\/index.php?rest_route=%2Fwp%2Fv2%2Fmedia&parent=56433"}],"wp:term":[{"taxonomy":"category","embeddable":true,"href":"http:\/\/informateesquina.com\/index.php?rest_route=%2Fwp%2Fv2%2Fcategories&post=56433"},{"taxonomy":"post_tag","embeddable":true,"href":"http:\/\/informateesquina.com\/index.php?rest_route=%2Fwp%2Fv2%2Ftags&post=56433"}],"curies":[{"name":"wp","href":"https:\/\/api.w.org\/{rel}","templated":true}]}}