{"id":56461,"date":"2022-11-08T19:37:37","date_gmt":"2022-11-08T22:37:37","guid":{"rendered":"https:\/\/informateesquina.com\/?p=56461"},"modified":"2022-11-08T19:42:46","modified_gmt":"2022-11-08T22:42:46","slug":"llevaron-yerba-correntina-al-mundial","status":"publish","type":"post","link":"http:\/\/informateesquina.com\/?p=56461","title":{"rendered":"La Selecci\u00f3n Argentina llev\u00f3 yerba correntina al Mundial"},"content":{"rendered":"<header>\n<div>\n<div>\n<p>&nbsp;<\/p>\n<\/div>\n<\/div>\n<\/header>\n<section class=\"body\">\n<section class=\"content\">\n<figure class=\"big-column\"><picture><source srcset=\"https:\/\/www.radiodos.com.ar\/content\/bucket\/1\/180661w850h1511c.webp.webp\" type=\"image\/webp\" media=\"(min-width: 640px)\" \/><source srcset=\"https:\/\/www.radiodos.com.ar\/content\/bucket\/1\/180661w480h853c.webp.webp\" type=\"image\/webp\" media=\"(min-width: 300px)\" \/><source srcset=\"https:\/\/www.radiodos.com.ar\/content\/bucket\/1\/180661w850h1511c.webp\" media=\"(min-width: 300px)\" \/><img loading=\"lazy\" decoding=\"async\" class=\"pic\" src=\"https:\/\/www.radiodos.com.ar\/content\/bucket\/1\/180661w850h1511c.webp.webp\" alt=\"\" width=\"850\" height=\"1511\" \/><\/picture><\/figure>\n<div class=\"main-text\">\n<div class=\"social\">\n<div class=\"share\"><\/div>\n<\/div>\n<p>Si alguien ten\u00eda alguna duda sobre si la euforia mundialista ya se hab\u00eda desatado, las cosas quedaron claras en las \u00faltimas horas tras la inesperada pol\u00e9mica que se desat\u00f3 a ra\u00edz de unas declaraciones de un legislador nacional quej\u00e1ndose por la yerba que llev\u00f3 la selecci\u00f3n argentina a Qatar bas\u00e1ndose en una foto que mostr\u00f3 un utilero en sus redes como un gui\u00f1o al entrenador Lionel Scaloni y su fanatismo por los caramelos masticables. El detr\u00e1s de escena del ins\u00f3lito yerba gate naci\u00f3 por una escena parcial, apenas un peque\u00f1o paneo de los miles de kilos de elementos que se trasladaron hasta Medio Oriente para generar un ambiente confortable a lo largo de un mes.<\/p>\n<p>La imagen viralizada mostraba el ba\u00fal con distintos paquetes de la yerba mate de Canarias, una reconocida marca de Uruguay que produce en Brasil una empresa que tiene m\u00e1s de medio siglo de vida y es muy popular en el ambiente futbolero. La intenci\u00f3n de esa captura era la de mostrar las bolsas con caramelos, pero la pol\u00e9mica a la orden del d\u00eda puso sobre la mesa que el plantel argentino supuestamente no consumir\u00eda firmas nacionales. Pero la historia es distinta&#8230;<\/p>\n<div class=\"external\">\n<div class=\"twitter-tweet twitter-tweet-rendered\"><img loading=\"lazy\" decoding=\"async\" class=\"alignnone size-medium wp-image-56462\" src=\"https:\/\/informateesquina.com\/wp-content\/uploads\/2022\/11\/termo-personalizado-tuneado-rodrigo-de-paul-240x300.webp\" alt=\"\" width=\"240\" height=\"300\" srcset=\"http:\/\/informateesquina.com\/wp-content\/uploads\/2022\/11\/termo-personalizado-tuneado-rodrigo-de-paul-240x300.webp 240w, http:\/\/informateesquina.com\/wp-content\/uploads\/2022\/11\/termo-personalizado-tuneado-rodrigo-de-paul-750x938.webp 750w, http:\/\/informateesquina.com\/wp-content\/uploads\/2022\/11\/termo-personalizado-tuneado-rodrigo-de-paul.webp 768w\" sizes=\"auto, (max-width: 240px) 100vw, 240px\" \/><\/div>\n<\/div>\n<p>Entre decenas de ba\u00fales met\u00e1licos, valijas, cajas y bolsos, la Scaloneta tambi\u00e9n pidi\u00f3 tener a disposici\u00f3n varios kilos de la yerba Playadito, de producci\u00f3n nacional. Seg\u00fan pudo saber Infobae, se trasladaron alrededor de un centenar de paquetes de medio kilo de la popular marca que es parte de la casi centenaria Cooperativa Agr\u00edcola de la Colonia Liebig ubicada en Corrientes a unos pocos kil\u00f3metros del l\u00edmite con Misiones y que se exporta a m\u00e1s de diez pa\u00edses del planeta. \u00bfLa elegida? La tradicional versi\u00f3n con palo.<\/p>\n<div class=\"center large m_image\">\n<figure><picture><source srcset=\"https:\/\/www.radiodos.com.ar\/content\/bucket\/0\/180660w770h433c.webp.webp\" type=\"image\/webp\" media=\"(min-width: 640px)\" \/><source srcset=\"https:\/\/www.radiodos.com.ar\/content\/bucket\/0\/180660w400h225c.webp.webp\" type=\"image\/webp\" media=\"(min-width: 300px)\" \/><source srcset=\"https:\/\/www.radiodos.com.ar\/content\/bucket\/0\/180660w770h433c.webp\" media=\"(min-width: 300px)\" \/><img loading=\"lazy\" decoding=\"async\" class=\"pic\" src=\"https:\/\/www.radiodos.com.ar\/content\/bucket\/0\/180660w770h433c.webp.webp\" alt=\"\" width=\"770\" height=\"433\" \/><\/picture><\/figure>\n<\/div>\n<p>Pero el avi\u00f3n que hizo de avanzada en Qatar y aterriz\u00f3 durante las \u00faltimas horas con Scaloni y el presidente de la AFA Claudio Tapia al mando tambi\u00e9n llev\u00f3 diversos elementos para transitar las horas en Medio Oriente. Fideos, dulce de leche, dulce de membrillo y batata, fideos de marcas nacionales, golosinas (gomitas, chicles, caramelos masticables), shampoo, acondicionador, jabones, m\u00e1quinas de afeitar, desodorantes y dem\u00e1s.<\/p>\n<p>Los caramelos masticables podr\u00edan haber sido un detalle m\u00e1s si no fuera por la propia declaraci\u00f3n de Scaloni d\u00edas atr\u00e1s en el programa Vuelta y Media (Urbana Play), en la que confes\u00f3 su fanatismo por una marca en particular para calmar la ansiedad previa a los encuentros. &#8220;No somos de pedir nada, lo que s\u00ed cuando llegamos al vestuario hay una bolsa de caramelos Sugus. Hay de todo, surtidos, yo como el rojo, me como 40 antes de empezar el partido. El resto va agarrando, te aseguro que de la bolsa esa quedan pocos antes de empezar el partido. Est\u00e1 ah\u00ed arriba de la mesa y es como que los ten\u00e9s que comer. A Qatar se lleva mucha gominola, bolsa de cosas dulces, a ellos les hace falta en el entretiempo para meter en el cuerpo. Hay bastante&#8221;, cont\u00f3 entre risas en la entrevista.<\/p>\n<p>Tambi\u00e9n hay un caj\u00f3n especial para poder realizar las comidas m\u00e1s tradicionales del pa\u00eds: se calcula que se llevaron m\u00e1s de 900 kilos de distintos cortes para alimentar a la enorme comitiva que adem\u00e1s de los 26 citados y el cuerpo t\u00e9cnico estar\u00e1 compuesta por dirigentes, auxiliares, equipos de prensa y dem\u00e1s. Casi 50 personas extra m\u00e1s all\u00e1 de los deportistas, los protagonistas del evento. Una verdadera ciudad Argentina en pleno centro de Doha, ya que la Universidad de Qatar hab\u00eda sido acondicionada especialmente con parrillas para poder llevar a cabo los populares asados. \u00bfHabr\u00e1 puertas abiertas para sumar a las familias durante la Copa del Mundo? Seguramente s\u00ed.<\/p>\n<p><img loading=\"lazy\" decoding=\"async\" class=\"alignnone size-medium wp-image-56463\" src=\"https:\/\/informateesquina.com\/wp-content\/uploads\/2022\/11\/H1qTaVr77_720x0-169x300.webp\" alt=\"\" width=\"169\" height=\"300\" srcset=\"http:\/\/informateesquina.com\/wp-content\/uploads\/2022\/11\/H1qTaVr77_720x0-169x300.webp 169w, http:\/\/informateesquina.com\/wp-content\/uploads\/2022\/11\/H1qTaVr77_720x0-576x1024.webp 576w, http:\/\/informateesquina.com\/wp-content\/uploads\/2022\/11\/H1qTaVr77_720x0.webp 720w\" sizes=\"auto, (max-width: 169px) 100vw, 169px\" \/><\/p>\n<p>Pero no todos son objetos de consumo, tambi\u00e9n viaj\u00f3 la utiler\u00eda a cargo de Mario Di Stefano y sus tres compa\u00f1eros de \u00e1rea. Llevaron 850 juegos de camisetas titulares y alrededor de 450 de la versi\u00f3n suplente. Se planifican tres juegos de casacas por deportistas en cada partido y de ah\u00ed la elevada cantidad de remeras a disposici\u00f3n. Tambi\u00e9n habr\u00e1 cuatro modelos de buzo de arquero distintos con colores, verde, rojo, negro y celeste para vestir seg\u00fan la ocasi\u00f3n.<\/p>\n<p>Para el caso, ya saben que ante Arabia Saudita (martes 22\/11) y M\u00e9xico (s\u00e1bado 26\/11) el representativo nacional vestir\u00e1 de celeste y blanco, pero en el cierre del Grupo C ante Polonia (mi\u00e9rcoles 30\/11) ser\u00e1 el estreno oficial de la alternativa violenta que tuvo su bautismo en el amistoso contra Honduras a fines de septiembre. Se llevaron tambi\u00e9n cintas de capitanes con los colores patrios, bandas negras de luto por si alguna situaci\u00f3n lo amerita aunque la cinta de capit\u00e1n de cara partido la entregar\u00e1 la FIFA.<\/p>\n<p>En total, hubo m\u00e1s de 100 ba\u00fales (uno de los nutricionistas y tres de la cocina, por ejemplo) con toda la carga que se trasladaron en tres camiones desde el predio de Ezeiza hasta el aeropuerto argentino para dirigirse a Qatar. Si bien se subieron al avi\u00f3n muchos elementos esenciales para la vida diaria, tambi\u00e9n hay tranquilidad en los encargados de armar el inventario porque muchos de los consumos habituales para los argentinos se conseguir\u00e1n por intermedio de una intermediario local.<\/p>\n<p>La delegaci\u00f3n de avanzada que ya arrib\u00f3 al pa\u00eds mundialista permanecer\u00e1 apenas un par de horas m\u00e1s all\u00ed, ya que en breve el cuerpo t\u00e9cnico de Scaloni se dirigir\u00e1 a Abu Dhabi para esperar a los jugadores que arribar\u00e1n a esa zona para disputar el amistoso contra Emiratos \u00c1rabes Unidos pautado para el 16 de noviembre. Dos d\u00edas antes, Argentina deber\u00e1 difundir la lista definitiva con 26 convocados para la Copa del Mundo.<\/p>\n<p>Una vez que se termine el duelo contra los dirigidos por Rodolfo Arruabarrena, todo el team argentino desembarcar\u00e1 definitivamente en la Universidad de Qatar para poner sus ojos en el choque contra Arabia Saudita que marcar\u00e1 el estreno en la cita m\u00e1s importante de f\u00fatbol.<\/p>\n<p>El detalle en el b\u00fanker albiceleste, que es tan grande que hay autobuses que la recorren y una estaci\u00f3n de la l\u00ednea Roja del metro que lleva su nombre, es que Argentina deber\u00e1 cumplir con una cl\u00e1usula una vez que abandone las instalaciones.<\/p>\n<p>La visita que realiz\u00f3 la directiva nacional a mitad de a\u00f1o para elegir esa sede vino acompa\u00f1ada con la decisi\u00f3n de realizar algunas obras para el confort de los jugadores. Se renovaron sectores claves como las salas de lavado y planchado para la indumentaria, pero tambi\u00e9n se edific\u00f3 un quincho con capacidad para unas 100 personas y aire acondicionado con el fin de cobijar algunas de las reuniones pautadas durante la estad\u00eda para distender el clima en lo que se espera que sea una extensa concentraci\u00f3n. Y all\u00ed se colocaron las parrillas, un pedido especial para que puedan llevarse a cabo, como es costumbre, los infaltables asados que en la Copa Am\u00e9rica 2021 fueron fundamentales para la uni\u00f3n del grupo. Tambi\u00e9n se alquilaron televisores a cada habitaci\u00f3n y se colocaron camas de mayor tama\u00f1o.<\/p>\n<p>Eso s\u00ed, una vez que finalice la estad\u00eda las autoridades de la Universidad pidieron que se dejen las instalaciones exactamente iguales a cuando las conocieron a mitad de a\u00f1o con el fin de mantener el perfil que ten\u00edan, sin agregados.<\/p>\n<p>Mientras las sorpresivas pol\u00e9micas se desatan en el territorio nacional por la yerba, a d\u00edas del estreno en el Lusail Stadium, en el equipo nacional las energ\u00edas est\u00e1n direccionadas en saber c\u00f3mo estar\u00e1 Paulo Dybala para la lista definitiva. El cordob\u00e9s est\u00e1 en la \u00faltima etapa de su recuperaci\u00f3n y esta semana intensificar\u00e1 sus trabajos con el fin de poder jugar el domingo con la Roma ante Torino, con el fin de darle una se\u00f1al al cuerpo t\u00e9cnico que est\u00e1 en condiciones. El ruido por las controversias, al fin y al cabo, son una mera an\u00e9cdota de un plantel que sue\u00f1a con dar un golpe hist\u00f3rico en Qatar.<\/p>\n<p>\/\/\/Infobae.com<\/p>\n<\/div>\n<\/section>\n<\/section>\n","protected":false},"excerpt":{"rendered":"<p>&nbsp; Si alguien ten\u00eda alguna duda sobre si la euforia mundialista ya se hab\u00eda desatado, las cosas quedaron claras en las \u00faltimas horas tras la inesperada pol\u00e9mica que se desat\u00f3 a ra\u00edz de unas declaraciones de un legislador nacional quej\u00e1ndose por la yerba que llev\u00f3 la selecci\u00f3n argentina a Qatar bas\u00e1ndose en una foto que [&hellip;]<\/p>\n","protected":false},"author":3,"featured_media":56464,"comment_status":"open","ping_status":"open","sticky":false,"template":"","format":"standard","meta":{"footnotes":""},"categories":[7,10,11],"tags":[],"class_list":["post-56461","post","type-post","status-publish","format-standard","has-post-thumbnail","hentry","category-nacionales","category-provinciales","category-sociedad"],"_links":{"self":[{"href":"http:\/\/informateesquina.com\/index.php?rest_route=\/wp\/v2\/posts\/56461","targetHints":{"allow":["GET"]}}],"collection":[{"href":"http:\/\/informateesquina.com\/index.php?rest_route=\/wp\/v2\/posts"}],"about":[{"href":"http:\/\/informateesquina.com\/index.php?rest_route=\/wp\/v2\/types\/post"}],"author":[{"embeddable":true,"href":"http:\/\/informateesquina.com\/index.php?rest_route=\/wp\/v2\/users\/3"}],"replies":[{"embeddable":true,"href":"http:\/\/informateesquina.com\/index.php?rest_route=%2Fwp%2Fv2%2Fcomments&post=56461"}],"version-history":[{"count":0,"href":"http:\/\/informateesquina.com\/index.php?rest_route=\/wp\/v2\/posts\/56461\/revisions"}],"wp:featuredmedia":[{"embeddable":true,"href":"http:\/\/informateesquina.com\/index.php?rest_route=\/wp\/v2\/media\/56464"}],"wp:attachment":[{"href":"http:\/\/informateesquina.com\/index.php?rest_route=%2Fwp%2Fv2%2Fmedia&parent=56461"}],"wp:term":[{"taxonomy":"category","embeddable":true,"href":"http:\/\/informateesquina.com\/index.php?rest_route=%2Fwp%2Fv2%2Fcategories&post=56461"},{"taxonomy":"post_tag","embeddable":true,"href":"http:\/\/informateesquina.com\/index.php?rest_route=%2Fwp%2Fv2%2Ftags&post=56461"}],"curies":[{"name":"wp","href":"https:\/\/api.w.org\/{rel}","templated":true}]}}