{"id":56467,"date":"2022-11-08T19:40:44","date_gmt":"2022-11-08T22:40:44","guid":{"rendered":"https:\/\/informateesquina.com\/?p=56467"},"modified":"2022-11-08T19:40:44","modified_gmt":"2022-11-08T22:40:44","slug":"comienzan-los-examenes-para-ingresar-al-escalafon-administrativo-en-la-4-circunscripcion-judicial","status":"publish","type":"post","link":"http:\/\/informateesquina.com\/?p=56467","title":{"rendered":"Comienzan los ex\u00e1menes para ingresar al Escalaf\u00f3n Administrativo en la 4\u00b0 Circunscripci\u00f3n Judicial"},"content":{"rendered":"<div class=\"py-4 px-3 border-bottom\">\n<div class=\"d-flex align-items-center justify-content-between\">\n<div class=\"btn-group\" role=\"group\" aria-label=\"Botones de configuracion del texto\">El 30 de noviembre de 2022 comenzar\u00e1n en la 4\u00b0 Circunscripci\u00f3n que incluye las localidades de Paso de los Libres, Monte Caseros y zonas de influencia las pruebas para acceder al Poder Judicial en el Escalaf\u00f3n Administrativo, seg\u00fan la Convocatoria N\u00b06\/22 aprobada por Acuerdo N\u00b016\/22, Punto 10\u00b0.<\/div>\n<\/div>\n<\/div>\n<div class=\"Noticias-cuerpo p-3 \">\n<p>Los ex\u00e1menes se llevar\u00e1n a cabo en la Escuela T\u00e9cnica Amalia del Valle Herrera de Aguirre, sito en calle Brasil N\u00b0 830 de Paso de los Libres y comenzar\u00e1n el mi\u00e9rcoles 30 de noviembre desde las 7.30 con el examen de tipeo.<\/p>\n<p>Los postulantes que rendir\u00e1n durante la ma\u00f1ana ser\u00e1n desde Abal, Roc\u00edo Soledad hasta Ledesma, Lourdes Elizabeth (inclusive). Mientras que desde Ledesma, Macarena Nazaret hasta Zualet, Sintia Yamila (inclusive), \u00a0lo har\u00e1n desde las 15 horas.<\/p>\n<p>Los que aprueben el examen de tipeo pasar\u00e1n a la instancia de la prueba de ortograf\u00eda que se rendir\u00e1 el jueves 1\u00b0 de diciembre desde las 7.30.<\/p>\n<p>Ese mismo jueves 1\u00b0, a las 15 los que aprobaron el examen de ortograf\u00eda podr\u00e1n rendir el de redacci\u00f3n y conocimiento general sobre Administraci\u00f3n de Justicia y el viernes 2\u00b0 de diciembre desde las 7.30 horas terminar\u00e1n las evaluaciones con la etapa de Inform\u00e1tica a la que acceder\u00e1n aquellos que aprobaron la prueba de ortograf\u00eda. Todas las instancias son eliminatorias.<\/p>\n<p>La lista completa de los inscriptos en la 4\u00b0 Circunscripci\u00f3n Judicial puede verse aqu\u00ed:<\/p>\n<p><a href=\"https:\/\/www.juscorrientes.gov.ar\/wp-content\/uploads\/secretaria-administrativa\/concurso-cargo-secadmin\/pdf\/2022\/RESOLUCION_EXAMENES_4CIRC_RP_E-356-22.pdf\">https:\/\/www.juscorrientes.gov.ar\/wp-content\/uploads\/secretaria-administrativa\/concurso-cargo-secadmin\/pdf\/2022\/RESOLUCION_EXAMENES_4CIRC_RP_E-356-22.pdf<\/a><\/p>\n<p><strong>Modalidad de los ex\u00e1menes<\/strong><\/p>\n<p>El temario para rendir el examen de Contenido Jur\u00eddico e inform\u00e1tica incluye una parte te\u00f3rica donde se evaluar\u00e1 sobre la Constituci\u00f3n Nacional y Constituci\u00f3n de la Provincia de Corrientes (todo lo referente al Poder Judicial). Decreto Ley 26\/00 \u2013 Ley Org\u00e1nica de la Administraci\u00f3n de Justicia. Decreto Ley 21\/00 \u2013 Ministerio P\u00fablico. Reglamento de la Administraci\u00f3n de Justicia (RIAJ). Reglamento de Sumarios Administrativos (Acdo 37\/07 pto 24\u00b0 y anexo).<\/p>\n<p>Tambi\u00e9n se evaluar\u00e1 una parte pr\u00e1ctica donde el postulante tendr\u00e1 que saber redactar: C\u00e9dulas. Oficios. Certificaciones. Cargos en los escritos. Informes.<\/p>\n<p>Por \u00faltimo el examen de Inform\u00e1tica incluye: Sistema Windows XP; Word, Excel, Internet, Correo Electr\u00f3nico.<\/p>\n<p><strong>Material de estudio<\/strong><\/p>\n<p>En el link correspondiente al Concurso se encuentra todo el material de estudio que se evaluar\u00e1. Es decir que la totalidad de los aspirantes tienen la misma posibilidad de aprobar los ex\u00e1menes.<\/p>\n<p>Est\u00e1n disponible en la p\u00e1gina Web del Poder Judicial en los siguientes links:<\/p>\n<p>La Constituci\u00f3n de la Provincia de Corrientes.\u00a0<a href=\"https:\/\/www.juscorrientes.gov.ar\/wp-content\/uploads\/pdf\/2015\/consnue.pdf?iframe=true&amp;width=95%25&amp;height=95%25\">https:\/\/www.juscorrientes.gov.ar\/wp-content\/uploads\/pdf\/2015\/consnue.pdf?iframe=true&amp;width=95%25&amp;height=95%25<\/a><\/p>\n<p>Constituci\u00f3n de la Rep\u00fablica Argentina.\u00a0<a href=\"https:\/\/www.congreso.gob.ar\/constitucionNacional.php\">https:\/\/www.congreso.gob.ar\/constitucionNacional.php<\/a><\/p>\n<p>Ley Org\u00e1nica de Administraci\u00f3n de Justicia \u2013 Decreto Ley 26\/00.\u00a0<a href=\"https:\/\/www.juscorrientes.gov.ar\/wp-content\/uploads\/pdf\/2019\/LOAJ-01-07-19.pdf?iframe=true&amp;width=95%25&amp;height=95%25\">https:\/\/www.juscorrientes.gov.ar\/wp-content\/uploads\/pdf\/2019\/LOAJ-01-07-19.pdf?iframe=true&amp;width=95%25&amp;height=95%25<\/a><\/p>\n<p>Reglamento Interno para la Administraci\u00f3n de Justicia RIAJ.\u00a0<a href=\"https:\/\/www.juscorrientes.gov.ar\/wp-content\/uploads\/pdf\/2019\/RIAJ-14-04-21.pdf\">https:\/\/www.juscorrientes.gov.ar\/wp-content\/uploads\/pdf\/2019\/RIAJ-14-04-21.pdf<\/a><\/p>\n<p>Ley Org\u00e1nica del Ministerio P\u00fablico \u2013 Decreto Ley N\u00b0 21.\u00a0<a href=\"https:\/\/www.juscorrientes.gov.ar\/wp-content\/uploads\/pdf\/2016\/DecretoLey21_MrioPublico.pdf?iframe=true&amp;width=95%25&amp;height=95%25\">https:\/\/www.juscorrientes.gov.ar\/wp-content\/uploads\/pdf\/2016\/DecretoLey21_MrioPublico.pdf?iframe=true&amp;width=95%25&amp;height=95%25<\/a><\/p>\n<p>Reglamento de Sumarios Administrativos (Acdo 37\/07 pto 24\u00b0 y anexo).\u00a0<a href=\"https:\/\/www.juscorrientes.gov.ar\/wp-content\/uploads\/acuerdos\/pdf\/2007\/acd37-2007.pdf\">https:\/\/www.juscorrientes.gov.ar\/wp-content\/uploads\/acuerdos\/pdf\/2007\/acd37-2007.pdf<\/a><\/p>\n<\/div>\n","protected":false},"excerpt":{"rendered":"<p>El 30 de noviembre de 2022 comenzar\u00e1n en la 4\u00b0 Circunscripci\u00f3n que incluye las localidades de Paso de los Libres, Monte Caseros y zonas de influencia las pruebas para acceder al Poder Judicial en el Escalaf\u00f3n Administrativo, seg\u00fan la Convocatoria N\u00b06\/22 aprobada por Acuerdo N\u00b016\/22, Punto 10\u00b0. Los ex\u00e1menes se llevar\u00e1n a cabo en la [&hellip;]<\/p>\n","protected":false},"author":3,"featured_media":56468,"comment_status":"open","ping_status":"open","sticky":false,"template":"","format":"standard","meta":{"footnotes":""},"categories":[10,11],"tags":[],"class_list":["post-56467","post","type-post","status-publish","format-standard","has-post-thumbnail","hentry","category-provinciales","category-sociedad"],"_links":{"self":[{"href":"http:\/\/informateesquina.com\/index.php?rest_route=\/wp\/v2\/posts\/56467","targetHints":{"allow":["GET"]}}],"collection":[{"href":"http:\/\/informateesquina.com\/index.php?rest_route=\/wp\/v2\/posts"}],"about":[{"href":"http:\/\/informateesquina.com\/index.php?rest_route=\/wp\/v2\/types\/post"}],"author":[{"embeddable":true,"href":"http:\/\/informateesquina.com\/index.php?rest_route=\/wp\/v2\/users\/3"}],"replies":[{"embeddable":true,"href":"http:\/\/informateesquina.com\/index.php?rest_route=%2Fwp%2Fv2%2Fcomments&post=56467"}],"version-history":[{"count":0,"href":"http:\/\/informateesquina.com\/index.php?rest_route=\/wp\/v2\/posts\/56467\/revisions"}],"wp:featuredmedia":[{"embeddable":true,"href":"http:\/\/informateesquina.com\/index.php?rest_route=\/wp\/v2\/media\/56468"}],"wp:attachment":[{"href":"http:\/\/informateesquina.com\/index.php?rest_route=%2Fwp%2Fv2%2Fmedia&parent=56467"}],"wp:term":[{"taxonomy":"category","embeddable":true,"href":"http:\/\/informateesquina.com\/index.php?rest_route=%2Fwp%2Fv2%2Fcategories&post=56467"},{"taxonomy":"post_tag","embeddable":true,"href":"http:\/\/informateesquina.com\/index.php?rest_route=%2Fwp%2Fv2%2Ftags&post=56467"}],"curies":[{"name":"wp","href":"https:\/\/api.w.org\/{rel}","templated":true}]}}