{"id":56472,"date":"2022-11-08T19:55:56","date_gmt":"2022-11-08T22:55:56","guid":{"rendered":"https:\/\/informateesquina.com\/?p=56472"},"modified":"2022-11-08T19:55:56","modified_gmt":"2022-11-08T22:55:56","slug":"corrientes-armado-con-cuchillo-quiso-robar-a-pasajeros-en-parada-de-colectivos","status":"publish","type":"post","link":"http:\/\/informateesquina.com\/?p=56472","title":{"rendered":"Corrientes: Armado con cuchillo quiso robar a pasajeros en parada de colectivos"},"content":{"rendered":"<section class=\"body\">\n<section class=\"content\">\n<figure class=\"big-column\">Un jovencito de 18 a\u00f1os fue reducido por la Polic\u00eda cuando intentaba fugarse de una parada de colectivo, luego de que usuarios del transporte p\u00fablico lo delataran de pretender, a punta de cuchillo, asaltar a pasajeros que aguardaban el colectivo, informaron ayer fuentes policiales.<\/figure>\n<div class=\"main-text\">\n<p>\u00a0El incidente se report\u00f3 alrededor de las 10:15 de la ma\u00f1ana de ayer, en una parada de colectivos ubicada en la intersecci\u00f3n de las avenidas Maip\u00fa y Alta Gracia, en el barrio San Roque Oeste de la capital correntina.<\/p>\n<p>Seg\u00fan indicaron las fuentes oficiales, una pasajera hab\u00eda alertado al personal del GRIM 5 que se encontraba patrullando la zona, en prevenci\u00f3n de il\u00edcitos. La mujer le dijo a los polic\u00edas que el sujeto vest\u00eda un shorts negro, era de estatura mediana, ten\u00eda los cabellos te\u00f1idos y llevaba puesta una camiseta de f\u00fatbol de color oscura, adem\u00e1s de ir calzado con ojotas, precis\u00f3.<\/p>\n<p>La testigo indic\u00f3 que momentos antes ella se encontraba en la parada de colectivos cuando el sujeto intent\u00f3 asaltarla, esgrimiendo un arma blanca que ten\u00eda oculta entre sus prendas de vestir.<\/p>\n<p>Con los datos sobre la fisonom\u00eda del sospechoso, los polic\u00edas en sus motropatrullas comenzaron a rastrillar la zona, hasta que localizaron a un jovencito que al ver los m\u00f3viles de la fuerza se quit\u00f3 la remera y comenz\u00f3 a escapar a pi\u00e9. La fuga dur\u00f3 solo segundos, ya que fue alcanzado y arrestado.<\/p>\n<p>En el cacheo de seguridad, los uniformados encontraron el cuchillo, tipo tramontina de unos 20 cent\u00edmetros de largo, que la mujer hab\u00eda alertado que ten\u00eda consigo el sospechoso, quien fue identificado como Carlos de 18 a\u00f1os y quien al parecer ya reportaba antecedentes criminales.<\/p>\n<p>Tanto el jovencito apresado, como el arma que portaba, fueron trasladados a la comisar\u00eda 21, donde quedaron a disposici\u00f3n de la Justicia. Hasta ayer por la tarde, la Polic\u00eda desconoc\u00eda si el sujeto logr\u00f3 perpetrar alg\u00fan robo a alguna otra persona en el lugar, ya que no hubo v\u00edctimas que se acerquen a la comisar\u00eda a formular una denuncia en su contra, por lo que se estimaba que su libertad era cuesti\u00f3n de horas.<\/p>\n<\/div>\n<\/section>\n<\/section>\n","protected":false},"excerpt":{"rendered":"<p>Un jovencito de 18 a\u00f1os fue reducido por la Polic\u00eda cuando intentaba fugarse de una parada de colectivo, luego de que usuarios del transporte p\u00fablico lo delataran de pretender, a punta de cuchillo, asaltar a pasajeros que aguardaban el colectivo, informaron ayer fuentes policiales. \u00a0El incidente se report\u00f3 alrededor de las 10:15 de la ma\u00f1ana [&hellip;]<\/p>\n","protected":false},"author":3,"featured_media":56473,"comment_status":"open","ping_status":"open","sticky":false,"template":"","format":"standard","meta":{"footnotes":""},"categories":[8,11],"tags":[],"class_list":["post-56472","post","type-post","status-publish","format-standard","has-post-thumbnail","hentry","category-policiales","category-sociedad"],"_links":{"self":[{"href":"http:\/\/informateesquina.com\/index.php?rest_route=\/wp\/v2\/posts\/56472","targetHints":{"allow":["GET"]}}],"collection":[{"href":"http:\/\/informateesquina.com\/index.php?rest_route=\/wp\/v2\/posts"}],"about":[{"href":"http:\/\/informateesquina.com\/index.php?rest_route=\/wp\/v2\/types\/post"}],"author":[{"embeddable":true,"href":"http:\/\/informateesquina.com\/index.php?rest_route=\/wp\/v2\/users\/3"}],"replies":[{"embeddable":true,"href":"http:\/\/informateesquina.com\/index.php?rest_route=%2Fwp%2Fv2%2Fcomments&post=56472"}],"version-history":[{"count":0,"href":"http:\/\/informateesquina.com\/index.php?rest_route=\/wp\/v2\/posts\/56472\/revisions"}],"wp:featuredmedia":[{"embeddable":true,"href":"http:\/\/informateesquina.com\/index.php?rest_route=\/wp\/v2\/media\/56473"}],"wp:attachment":[{"href":"http:\/\/informateesquina.com\/index.php?rest_route=%2Fwp%2Fv2%2Fmedia&parent=56472"}],"wp:term":[{"taxonomy":"category","embeddable":true,"href":"http:\/\/informateesquina.com\/index.php?rest_route=%2Fwp%2Fv2%2Fcategories&post=56472"},{"taxonomy":"post_tag","embeddable":true,"href":"http:\/\/informateesquina.com\/index.php?rest_route=%2Fwp%2Fv2%2Ftags&post=56472"}],"curies":[{"name":"wp","href":"https:\/\/api.w.org\/{rel}","templated":true}]}}