{"id":56477,"date":"2022-11-08T20:07:59","date_gmt":"2022-11-08T23:07:59","guid":{"rendered":"https:\/\/informateesquina.com\/?p=56477"},"modified":"2022-11-08T20:07:59","modified_gmt":"2022-11-08T23:07:59","slug":"judiciales-recibiran-un-aumento-salarial-del-15-desde-noviembre","status":"publish","type":"post","link":"http:\/\/informateesquina.com\/?p=56477","title":{"rendered":"Judiciales recibir\u00e1n un aumento salarial del 15% desde noviembre"},"content":{"rendered":"<div><\/div>\n<p>Por Acuerdo Extraordinario N\u00b011\/22 celebrado hoy, el Superior Tribunal de Justicia otorg\u00f3 un <strong>incremento salarial del 15% a partir del 1\u00b0 de noviembre.<\/strong><\/p>\n<div class=\"cuerpo\">\n<p>El aumento alcanza a toda la planta administrativa, personal t\u00e9cnico-profesional de maestranza y servicios, y magistrados y funcionarios.<\/p>\n<p>Estuvieron presentes el presidente del STJ, doctor Luis Eduardo Rey V\u00e1zquez y los ministros doctores Eduardo Panseri, Fernando Augusto Niz, Guillermo Horacio Semhan y Alejandro Alberto Cha\u00edn, el Fiscal General doctor C\u00e9sar Pedro Sotelo, asistidos por el Secretario Administrativo, doctor Guillermo Casaro Lodoli.<\/p>\n<\/div>\n","protected":false},"excerpt":{"rendered":"<p>Por Acuerdo Extraordinario N\u00b011\/22 celebrado hoy, el Superior Tribunal de Justicia otorg\u00f3 un incremento salarial del 15% a partir del 1\u00b0 de noviembre. El aumento alcanza a toda la planta administrativa, personal t\u00e9cnico-profesional de maestranza y servicios, y magistrados y funcionarios. Estuvieron presentes el presidente del STJ, doctor Luis Eduardo Rey V\u00e1zquez y los ministros [&hellip;]<\/p>\n","protected":false},"author":3,"featured_media":56478,"comment_status":"open","ping_status":"open","sticky":false,"template":"","format":"standard","meta":{"footnotes":""},"categories":[10,11],"tags":[],"class_list":["post-56477","post","type-post","status-publish","format-standard","has-post-thumbnail","hentry","category-provinciales","category-sociedad"],"_links":{"self":[{"href":"http:\/\/informateesquina.com\/index.php?rest_route=\/wp\/v2\/posts\/56477","targetHints":{"allow":["GET"]}}],"collection":[{"href":"http:\/\/informateesquina.com\/index.php?rest_route=\/wp\/v2\/posts"}],"about":[{"href":"http:\/\/informateesquina.com\/index.php?rest_route=\/wp\/v2\/types\/post"}],"author":[{"embeddable":true,"href":"http:\/\/informateesquina.com\/index.php?rest_route=\/wp\/v2\/users\/3"}],"replies":[{"embeddable":true,"href":"http:\/\/informateesquina.com\/index.php?rest_route=%2Fwp%2Fv2%2Fcomments&post=56477"}],"version-history":[{"count":0,"href":"http:\/\/informateesquina.com\/index.php?rest_route=\/wp\/v2\/posts\/56477\/revisions"}],"wp:featuredmedia":[{"embeddable":true,"href":"http:\/\/informateesquina.com\/index.php?rest_route=\/wp\/v2\/media\/56478"}],"wp:attachment":[{"href":"http:\/\/informateesquina.com\/index.php?rest_route=%2Fwp%2Fv2%2Fmedia&parent=56477"}],"wp:term":[{"taxonomy":"category","embeddable":true,"href":"http:\/\/informateesquina.com\/index.php?rest_route=%2Fwp%2Fv2%2Fcategories&post=56477"},{"taxonomy":"post_tag","embeddable":true,"href":"http:\/\/informateesquina.com\/index.php?rest_route=%2Fwp%2Fv2%2Ftags&post=56477"}],"curies":[{"name":"wp","href":"https:\/\/api.w.org\/{rel}","templated":true}]}}