{"id":56490,"date":"2022-11-09T18:40:42","date_gmt":"2022-11-09T21:40:42","guid":{"rendered":"https:\/\/informateesquina.com\/?p=56490"},"modified":"2022-11-09T18:40:42","modified_gmt":"2022-11-09T21:40:42","slug":"un-hombre-murio-tras-el-choque-entre-un-camion-y-un-tractor","status":"publish","type":"post","link":"http:\/\/informateesquina.com\/?p=56490","title":{"rendered":"Un hombre muri\u00f3 tras el choque entre un cami\u00f3n y un tractor"},"content":{"rendered":"<section class=\"body\">\n<section class=\"content\">\n<figure class=\"big-column\"><picture><img loading=\"lazy\" decoding=\"async\" class=\"pic\" src=\"https:\/\/www.radiodos.com.ar\/content\/bucket\/2\/180772w850h638c.jpg.webp\" alt=\"\" width=\"850\" height=\"638\" \/><\/picture><\/figure>\n<div class=\"main-text\">\n<div class=\"social\">\n<div class=\"share\"><\/div>\n<\/div>\n<p>En horas de la siesta de este mi\u00e9rcoles se produjo un choque entre un cami\u00f3n y un tractor, que dej\u00f3 como saldo el fallecimiento\u00a0 del conductor del \u00faltimo rodado.<\/p>\n<div style=\"width: 640px;\" class=\"wp-video\"><video class=\"wp-video-shortcode\" id=\"video-56490-1\" width=\"640\" height=\"352\" preload=\"metadata\" controls=\"controls\"><source type=\"video\/mp4\" src=\"https:\/\/informateesquina.com\/wp-content\/uploads\/2022\/11\/WhatsApp-Video-2022-11-09-at-5.37.51-PM.mp4?_=1\" \/><a href=\"https:\/\/informateesquina.com\/wp-content\/uploads\/2022\/11\/WhatsApp-Video-2022-11-09-at-5.37.51-PM.mp4\">https:\/\/informateesquina.com\/wp-content\/uploads\/2022\/11\/WhatsApp-Video-2022-11-09-at-5.37.51-PM.mp4<\/a><\/video><\/div>\n<p>El lamentable hecho se registr\u00f3 sobre la Ruta nacional 14, a un kil\u00f3metro del acceso principal de la localidad correntina de Monte Caseros.<\/p>\n<p>Por el momento se desconoce c\u00f3mo se origin\u00f3 el impacto fatal. La v\u00edctima habr\u00eda perdido la vida de manera instant\u00e1nea. Su identidad a\u00fan no trascendi\u00f3.<\/p>\n<p>En estos momentos el tr\u00e1nsito se encuentra cortado. Est\u00e1n trabajando personal de Gendarmer\u00eda Nacional y polic\u00edas de Corrientes.<\/p>\n<\/div>\n<\/section>\n<\/section>\n","protected":false},"excerpt":{"rendered":"<p>En horas de la siesta de este mi\u00e9rcoles se produjo un choque entre un cami\u00f3n y un tractor, que dej\u00f3 como saldo el fallecimiento\u00a0 del conductor del \u00faltimo rodado. El lamentable hecho se registr\u00f3 sobre la Ruta nacional 14, a un kil\u00f3metro del acceso principal de la localidad correntina de Monte Caseros. Por el momento [&hellip;]<\/p>\n","protected":false},"author":3,"featured_media":56493,"comment_status":"open","ping_status":"open","sticky":false,"template":"","format":"standard","meta":{"footnotes":""},"categories":[10,11],"tags":[],"class_list":["post-56490","post","type-post","status-publish","format-standard","has-post-thumbnail","hentry","category-provinciales","category-sociedad"],"_links":{"self":[{"href":"http:\/\/informateesquina.com\/index.php?rest_route=\/wp\/v2\/posts\/56490","targetHints":{"allow":["GET"]}}],"collection":[{"href":"http:\/\/informateesquina.com\/index.php?rest_route=\/wp\/v2\/posts"}],"about":[{"href":"http:\/\/informateesquina.com\/index.php?rest_route=\/wp\/v2\/types\/post"}],"author":[{"embeddable":true,"href":"http:\/\/informateesquina.com\/index.php?rest_route=\/wp\/v2\/users\/3"}],"replies":[{"embeddable":true,"href":"http:\/\/informateesquina.com\/index.php?rest_route=%2Fwp%2Fv2%2Fcomments&post=56490"}],"version-history":[{"count":0,"href":"http:\/\/informateesquina.com\/index.php?rest_route=\/wp\/v2\/posts\/56490\/revisions"}],"wp:featuredmedia":[{"embeddable":true,"href":"http:\/\/informateesquina.com\/index.php?rest_route=\/wp\/v2\/media\/56493"}],"wp:attachment":[{"href":"http:\/\/informateesquina.com\/index.php?rest_route=%2Fwp%2Fv2%2Fmedia&parent=56490"}],"wp:term":[{"taxonomy":"category","embeddable":true,"href":"http:\/\/informateesquina.com\/index.php?rest_route=%2Fwp%2Fv2%2Fcategories&post=56490"},{"taxonomy":"post_tag","embeddable":true,"href":"http:\/\/informateesquina.com\/index.php?rest_route=%2Fwp%2Fv2%2Ftags&post=56490"}],"curies":[{"name":"wp","href":"https:\/\/api.w.org\/{rel}","templated":true}]}}