{"id":56504,"date":"2022-11-10T18:34:19","date_gmt":"2022-11-10T21:34:19","guid":{"rendered":"https:\/\/informateesquina.com\/?p=56504"},"modified":"2022-11-10T18:34:19","modified_gmt":"2022-11-10T21:34:19","slug":"aumento-a-jubilados-daran-un-incremento-del-15-6-y-un-bono-de-10-mil","status":"publish","type":"post","link":"http:\/\/informateesquina.com\/?p=56504","title":{"rendered":"Aumento a jubilados: dar\u00e1n un incremento del 15.6% y un bono de $10 mil"},"content":{"rendered":"<p><strong>Las jubilaciones y pensiones aumentar\u00e1n un 15,6% en diciembre tras aplicarse la f\u00f3rmula de movilidad jubilatoria.\u00a0<\/strong>Asimismo,\u00a0<strong>el Gobierno decidi\u00f3 el pago de un bono, de 10.000 pesos, que ser\u00e1 cobrado por quienes reciben la jubilaci\u00f3n m\u00ednima.<\/strong>\u00a0<strong>Ese refuerzo ser\u00e1 cobrado en diciembre, enero y febrero.<\/strong>\u00a0Asimismo,\u00a0<strong>aquellos jubilados que cobran un haber menor a dos jubilaciones m\u00ednimas, recibir\u00e1n en cada uno de esos meses un bono de 7.000 pesos.<\/strong><\/p>\n<p>El anuncio fue formulado a trav\u00e9s de una conferencia de prensa brindada desde la sede de la Anses por el ministro de Econom\u00eda,\u00a0Sergio Massa, y la titular del organismo previsional,\u00a0Fernanda Raverta.<\/p>\n<p>&nbsp;<\/p>\n<div class=\"fotos-y-videos\">\n<div class=\"tab-content\">\n<div id=\"fotos\" class=\"tab-pane fade in active\" role=\"tabpanel\"><a class=\"fotos-desarrollo unlink\" title=\"Aumento a jubilados: dar\u00e1n un incremento del 15.6% y un bono de $10 mil\" href=\"https:\/\/www.radiosudamericana.com\/notix\/multimedia\/imagenes\/fotos\/2022-11-10\/776049.jpg\"><img loading=\"lazy\" decoding=\"async\" class=\"img-responsive lazyload center-block\" src=\"https:\/\/www.radiosudamericana.com\/notix\/multimedia\/imagenes\/fotos\/2022-11-10\/776049.jpg_nota.jpg\" alt=\"Aumento a jubilados: dar\u00e1n un incremento del 15.6% y un bono de $10 mil\" width=\"700\" height=\"350\" \/><\/a><\/div>\n<\/div>\n<\/div>\n<p>&nbsp;<\/p>\n<div class=\"cuerpo\">\n<p>Seg\u00fan explicaron los funcionarios, mediante estas medidas un 84% de los jubilados y pensionados de todo el pa\u00eds recibir\u00e1 un refuerzo econ\u00f3mico por encima del aumento general del 15,6% surgido de la formula de movilidad. \u201cQueremos acompa\u00f1ar a los jubilados para que sus haberes le ganen a la inflaci\u00f3n. Hemos logrado que las jubilaciones m\u00ednimas aumenten un 107%, por encima de la inflaci\u00f3n\u201d, se\u00f1al\u00f3 Raverta.<\/p>\n<p>Se trata del cuarto aumento fijado en el a\u00f1o, en base a lo establecido por la Ley de Movilidad. El incremento aplicado en cada trimestre en las jubilaciones, pensiones, asignaciones familiares y universales se basa en el c\u00e1lculo que actualiza los montos en base a un coeficiente elaborado en partes iguales por la recaudaci\u00f3n previsional y la Remuneraci\u00f3n Imponible Promedio de los Trabajadores Estables (Ripte).<\/p>\n<p><img loading=\"lazy\" decoding=\"async\" class=\"alignnone wp-image-56505 size-full\" src=\"https:\/\/informateesquina.com\/wp-content\/uploads\/2022\/11\/jubilados6.jpg\" alt=\"\" width=\"1280\" height=\"645\" srcset=\"http:\/\/informateesquina.com\/wp-content\/uploads\/2022\/11\/jubilados6.jpg 1280w, http:\/\/informateesquina.com\/wp-content\/uploads\/2022\/11\/jubilados6-300x151.jpg 300w, http:\/\/informateesquina.com\/wp-content\/uploads\/2022\/11\/jubilados6-1024x516.jpg 1024w, http:\/\/informateesquina.com\/wp-content\/uploads\/2022\/11\/jubilados6-768x387.jpg 768w, http:\/\/informateesquina.com\/wp-content\/uploads\/2022\/11\/jubilados6-360x180.jpg 360w, http:\/\/informateesquina.com\/wp-content\/uploads\/2022\/11\/jubilados6-750x378.jpg 750w, http:\/\/informateesquina.com\/wp-content\/uploads\/2022\/11\/jubilados6-1140x574.jpg 1140w\" sizes=\"auto, (max-width: 1280px) 100vw, 1280px\" \/><\/p>\n<p>Por su parte, Massa se\u00f1al\u00f3: \u201cUna sociedad que no respeta a sus mayores no tiene futuro. Vivimos un a\u00f1o complicado en la Argentina y el mundo. La inflaci\u00f3n se transform\u00f3 en un problema muy grande sobre todo para los jubilados y pensionados. La mirada a la hora de tomar esta decisi\u00f3n estaba puesta en construir un puente para tratar que mientras trabajamos las variables macro para intentar bajar la inflaci\u00f3n podemos seguir un sendero de recuperaci\u00f3n de ingreso entre nuestros jubilados\u201d.<\/p>\n<p>Bono de Anses de $45.000: el Gobierno precis\u00f3 cu\u00e1ndo se empieza a pagar, qui\u00e9nes lo reciben y qu\u00e9 deben hacer los que no se anotaron<br \/>\nLa inscripci\u00f3n contin\u00faa abierta para todas las personas que a\u00fan no llegaron a completarla. En estos casos, percibir\u00e1n las cuotas de noviembre y diciembre en un solo pago<\/p>\n<p>El ministro de Econom\u00eda se\u00f1al\u00f3 que hay 155.000 millones de pesos adicionales a la cuenta de seguridad social del Tesoro que el Estado destinar\u00e1 para abonar los bonos de refuerzo que se cobrar\u00e1n en diciembre, enero y febrero.<\/p>\n<p>\u201cEsto nos permite seguir consolidando la curva de recuperaci\u00f3n del ingreso. No existen soluciones m\u00e1gicas. El que les promete magia, les miente. Cuanto m\u00e1s dif\u00edcil es la situaci\u00f3n, m\u00e1s extendida tiene que estar la mano del Estado para los que m\u00e1s necesitan\u201d, afirm\u00f3 Massa.<\/p>\n<\/div>\n","protected":false},"excerpt":{"rendered":"<p>Las jubilaciones y pensiones aumentar\u00e1n un 15,6% en diciembre tras aplicarse la f\u00f3rmula de movilidad jubilatoria.\u00a0Asimismo,\u00a0el Gobierno decidi\u00f3 el pago de un bono, de 10.000 pesos, que ser\u00e1 cobrado por quienes reciben la jubilaci\u00f3n m\u00ednima.\u00a0Ese refuerzo ser\u00e1 cobrado en diciembre, enero y febrero.\u00a0Asimismo,\u00a0aquellos jubilados que cobran un haber menor a dos jubilaciones m\u00ednimas, recibir\u00e1n en [&hellip;]<\/p>\n","protected":false},"author":3,"featured_media":56506,"comment_status":"open","ping_status":"open","sticky":false,"template":"","format":"standard","meta":{"footnotes":""},"categories":[7,11],"tags":[136],"class_list":["post-56504","post","type-post","status-publish","format-standard","has-post-thumbnail","hentry","category-nacionales","category-sociedad","tag-destacados"],"_links":{"self":[{"href":"http:\/\/informateesquina.com\/index.php?rest_route=\/wp\/v2\/posts\/56504","targetHints":{"allow":["GET"]}}],"collection":[{"href":"http:\/\/informateesquina.com\/index.php?rest_route=\/wp\/v2\/posts"}],"about":[{"href":"http:\/\/informateesquina.com\/index.php?rest_route=\/wp\/v2\/types\/post"}],"author":[{"embeddable":true,"href":"http:\/\/informateesquina.com\/index.php?rest_route=\/wp\/v2\/users\/3"}],"replies":[{"embeddable":true,"href":"http:\/\/informateesquina.com\/index.php?rest_route=%2Fwp%2Fv2%2Fcomments&post=56504"}],"version-history":[{"count":0,"href":"http:\/\/informateesquina.com\/index.php?rest_route=\/wp\/v2\/posts\/56504\/revisions"}],"wp:featuredmedia":[{"embeddable":true,"href":"http:\/\/informateesquina.com\/index.php?rest_route=\/wp\/v2\/media\/56506"}],"wp:attachment":[{"href":"http:\/\/informateesquina.com\/index.php?rest_route=%2Fwp%2Fv2%2Fmedia&parent=56504"}],"wp:term":[{"taxonomy":"category","embeddable":true,"href":"http:\/\/informateesquina.com\/index.php?rest_route=%2Fwp%2Fv2%2Fcategories&post=56504"},{"taxonomy":"post_tag","embeddable":true,"href":"http:\/\/informateesquina.com\/index.php?rest_route=%2Fwp%2Fv2%2Ftags&post=56504"}],"curies":[{"name":"wp","href":"https:\/\/api.w.org\/{rel}","templated":true}]}}