{"id":56508,"date":"2022-11-10T18:53:36","date_gmt":"2022-11-10T21:53:36","guid":{"rendered":"https:\/\/informateesquina.com\/?p=56508"},"modified":"2022-11-10T18:55:28","modified_gmt":"2022-11-10T21:55:28","slug":"esquina-robaron-en-un-local-centrico-a-plena-luz-del-dia-y-terminaron-detenidos","status":"publish","type":"post","link":"http:\/\/informateesquina.com\/?p=56508","title":{"rendered":"Esquina: robaron en un local c\u00e9ntrico a plena luz del d\u00eda y terminaron detenidos"},"content":{"rendered":"<div class=\"entry-header\">\n<h1 class=\"jeg_post_title\"><span style=\"color: #333333; font-size: 15px;\">Este\u00a0 jueves en horas de la ma\u00f1ana\u00a0 se registr\u00f3 un robo en un local comercial por calle Mitre, entre Belgrano y Eva Per\u00f3n. Seg\u00fan el relato de los testigos un hombre ingres\u00f3 al comercio fingiendo ser un cliente y en un descuido trat\u00f3 de robarle el celular a la persona que atend\u00eda.\u00a0 La empleada y el ladr\u00f3n se trenzaron en un fuerte forcejeo, pero el hombre logr\u00f3 tirarla al suelo y escapar con el celular.\u00a0<\/span><\/h1>\n<\/div>\n<div class=\"entry-content no-share\">\n<div class=\"content-inner \">\n<p>La polic\u00eda despleg\u00f3 un fuerte operativo de rastrillaje por la ciudad y logr\u00f3 dar con el delincuente en la estaci\u00f3n Terminal, acompa\u00f1ado de otro c\u00f3mplice. Ambos fueron detenidos y trasladados a la Comisar\u00eda\u00a0 Primera.<\/p>\n<h2><strong><span style=\"color: #ff0000;\">LAS C\u00c1MARAS FUERON LA CLAVE<\/span><\/strong><\/h2>\n<p>Las c\u00e1maras pudieron captar el trabajo en conjunto que realizaron para cometer el delito: mientras uno ingresaba al comercio, el otro lo esperaba afuera.Los delincuentes ser\u00edan oriundos de Merlo Provincia de Buenos Aires, de 22 a\u00f1os y 29 a\u00f1os.<\/p>\n<p>&nbsp;<\/p>\n<p><em>Foto: Cristian Baileron<\/em><\/p>\n<p><img loading=\"lazy\" decoding=\"async\" class=\"alignnone wp-image-56512 size-full\" src=\"https:\/\/informateesquina.com\/wp-content\/uploads\/2022\/11\/hhhhhhhhhhhhhhh-1.jpg\" alt=\"\" width=\"823\" height=\"499\" srcset=\"http:\/\/informateesquina.com\/wp-content\/uploads\/2022\/11\/hhhhhhhhhhhhhhh-1.jpg 823w, http:\/\/informateesquina.com\/wp-content\/uploads\/2022\/11\/hhhhhhhhhhhhhhh-1-300x182.jpg 300w, http:\/\/informateesquina.com\/wp-content\/uploads\/2022\/11\/hhhhhhhhhhhhhhh-1-768x466.jpg 768w, http:\/\/informateesquina.com\/wp-content\/uploads\/2022\/11\/hhhhhhhhhhhhhhh-1-750x455.jpg 750w\" sizes=\"auto, (max-width: 823px) 100vw, 823px\" \/><\/p>\n<\/div>\n<\/div>\n","protected":false},"excerpt":{"rendered":"<p>Este\u00a0 jueves en horas de la ma\u00f1ana\u00a0 se registr\u00f3 un robo en un local comercial por calle Mitre, entre Belgrano y Eva Per\u00f3n. Seg\u00fan el relato de los testigos un hombre ingres\u00f3 al comercio fingiendo ser un cliente y en un descuido trat\u00f3 de robarle el celular a la persona que atend\u00eda.\u00a0 La empleada y [&hellip;]<\/p>\n","protected":false},"author":3,"featured_media":56509,"comment_status":"open","ping_status":"open","sticky":false,"template":"","format":"standard","meta":{"footnotes":""},"categories":[6,8,10,11],"tags":[136],"class_list":["post-56508","post","type-post","status-publish","format-standard","has-post-thumbnail","hentry","category-locales","category-policiales","category-provinciales","category-sociedad","tag-destacados"],"_links":{"self":[{"href":"http:\/\/informateesquina.com\/index.php?rest_route=\/wp\/v2\/posts\/56508","targetHints":{"allow":["GET"]}}],"collection":[{"href":"http:\/\/informateesquina.com\/index.php?rest_route=\/wp\/v2\/posts"}],"about":[{"href":"http:\/\/informateesquina.com\/index.php?rest_route=\/wp\/v2\/types\/post"}],"author":[{"embeddable":true,"href":"http:\/\/informateesquina.com\/index.php?rest_route=\/wp\/v2\/users\/3"}],"replies":[{"embeddable":true,"href":"http:\/\/informateesquina.com\/index.php?rest_route=%2Fwp%2Fv2%2Fcomments&post=56508"}],"version-history":[{"count":0,"href":"http:\/\/informateesquina.com\/index.php?rest_route=\/wp\/v2\/posts\/56508\/revisions"}],"wp:featuredmedia":[{"embeddable":true,"href":"http:\/\/informateesquina.com\/index.php?rest_route=\/wp\/v2\/media\/56509"}],"wp:attachment":[{"href":"http:\/\/informateesquina.com\/index.php?rest_route=%2Fwp%2Fv2%2Fmedia&parent=56508"}],"wp:term":[{"taxonomy":"category","embeddable":true,"href":"http:\/\/informateesquina.com\/index.php?rest_route=%2Fwp%2Fv2%2Fcategories&post=56508"},{"taxonomy":"post_tag","embeddable":true,"href":"http:\/\/informateesquina.com\/index.php?rest_route=%2Fwp%2Fv2%2Ftags&post=56508"}],"curies":[{"name":"wp","href":"https:\/\/api.w.org\/{rel}","templated":true}]}}