{"id":56521,"date":"2022-11-11T20:15:00","date_gmt":"2022-11-11T23:15:00","guid":{"rendered":"https:\/\/informateesquina.com\/?p=56521"},"modified":"2022-11-11T20:15:00","modified_gmt":"2022-11-11T23:15:00","slug":"la-seleccion-argentina-llevara-mates-correntinos-a-qatar","status":"publish","type":"post","link":"http:\/\/informateesquina.com\/?p=56521","title":{"rendered":"La Selecci\u00f3n Argentina llevar\u00e1 mates correntinos a Qatar"},"content":{"rendered":"<p>En medio de la fiebre mundialista el p\u00fablico sigue con atenci\u00f3n las noticias sobre nuestra Selecci\u00f3n Argentina y esta vez nuevamente el equipo eligi\u00f3 un producto correntino. Se trata de los mates que los jugadores utilizar\u00e1n en Qatar.<\/p>\n<div class=\"cuerpo\">\n<p>&nbsp;<\/p>\n<p>Mingo Obregones propietario de &#8220;Obregon Hermanos&#8221; un emprendimiento familiar dedicado a la confecci\u00f3n de mates, en la ciudad de Mercedes.<\/p>\n<p>&nbsp;<\/p>\n<div>\n<div style=\"width: 640px;\" class=\"wp-video\"><video class=\"wp-video-shortcode\" id=\"video-56521-1\" width=\"640\" height=\"352\" preload=\"metadata\" controls=\"controls\"><source type=\"video\/mp4\" src=\"https:\/\/informateesquina.com\/wp-content\/uploads\/2022\/11\/WhatsApp-Video-2022-11-11-at-5.22.41-PM.mp4?_=1\" \/><a href=\"https:\/\/informateesquina.com\/wp-content\/uploads\/2022\/11\/WhatsApp-Video-2022-11-11-at-5.22.41-PM.mp4\">https:\/\/informateesquina.com\/wp-content\/uploads\/2022\/11\/WhatsApp-Video-2022-11-11-at-5.22.41-PM.mp4<\/a><\/video><\/div>\n<\/div>\n<p>&nbsp;<\/p>\n<p>&#8220;?? ????????? ?? ????? ? ??????? ???? ???????? ???? ??????????? ????? ????????? ???? ??????? ????????????? ???? ?? ????????? ????????.\u00a0Gracias @afaseleccion por brindarnos esta gran oportunidad que enaltecer a el ??????? ????????? de nuestra querida Provincia de Corrientes\u201d, escribieron\u00a0en sus redes sociales y la publicaci\u00f3n estall\u00f3.<\/p>\n<p>Obregon explic\u00f3\u00a0que es &#8220;es la tercera vez que dise\u00f1amos mates para la Selecci\u00f3n Argentina.\u00a0 Tenemos un cliente miembro de la comisi\u00f3n directiva de la AFA y por ah\u00ed nos lleg\u00f3 el pedido. Esta vez es un trabajo diferente, es una calabaza forrada con detalles en alpaca y con el nombre de cada uno&#8221;.\u00a0<strong>&#8220;Nos llev\u00f3 18 d\u00edas m\u00e1s o menos, hicimos 50 mates y bombillas para los jugadores y dem\u00e1s miembros de la comisi\u00f3n\u201d, explic\u00f3.<\/strong><\/p>\n<\/div>\n","protected":false},"excerpt":{"rendered":"<p>En medio de la fiebre mundialista el p\u00fablico sigue con atenci\u00f3n las noticias sobre nuestra Selecci\u00f3n Argentina y esta vez nuevamente el equipo eligi\u00f3 un producto correntino. Se trata de los mates que los jugadores utilizar\u00e1n en Qatar. &nbsp; Mingo Obregones propietario de &#8220;Obregon Hermanos&#8221; un emprendimiento familiar dedicado a la confecci\u00f3n de mates, en [&hellip;]<\/p>\n","protected":false},"author":3,"featured_media":56523,"comment_status":"open","ping_status":"open","sticky":false,"template":"","format":"standard","meta":{"footnotes":""},"categories":[10,11],"tags":[136],"class_list":["post-56521","post","type-post","status-publish","format-standard","has-post-thumbnail","hentry","category-provinciales","category-sociedad","tag-destacados"],"_links":{"self":[{"href":"http:\/\/informateesquina.com\/index.php?rest_route=\/wp\/v2\/posts\/56521","targetHints":{"allow":["GET"]}}],"collection":[{"href":"http:\/\/informateesquina.com\/index.php?rest_route=\/wp\/v2\/posts"}],"about":[{"href":"http:\/\/informateesquina.com\/index.php?rest_route=\/wp\/v2\/types\/post"}],"author":[{"embeddable":true,"href":"http:\/\/informateesquina.com\/index.php?rest_route=\/wp\/v2\/users\/3"}],"replies":[{"embeddable":true,"href":"http:\/\/informateesquina.com\/index.php?rest_route=%2Fwp%2Fv2%2Fcomments&post=56521"}],"version-history":[{"count":0,"href":"http:\/\/informateesquina.com\/index.php?rest_route=\/wp\/v2\/posts\/56521\/revisions"}],"wp:featuredmedia":[{"embeddable":true,"href":"http:\/\/informateesquina.com\/index.php?rest_route=\/wp\/v2\/media\/56523"}],"wp:attachment":[{"href":"http:\/\/informateesquina.com\/index.php?rest_route=%2Fwp%2Fv2%2Fmedia&parent=56521"}],"wp:term":[{"taxonomy":"category","embeddable":true,"href":"http:\/\/informateesquina.com\/index.php?rest_route=%2Fwp%2Fv2%2Fcategories&post=56521"},{"taxonomy":"post_tag","embeddable":true,"href":"http:\/\/informateesquina.com\/index.php?rest_route=%2Fwp%2Fv2%2Ftags&post=56521"}],"curies":[{"name":"wp","href":"https:\/\/api.w.org\/{rel}","templated":true}]}}