{"id":56532,"date":"2022-11-11T21:15:11","date_gmt":"2022-11-12T00:15:11","guid":{"rendered":"https:\/\/informateesquina.com\/?p=56532"},"modified":"2022-11-11T21:15:11","modified_gmt":"2022-11-12T00:15:11","slug":"mundial-la-seleccion-argentina-ya-tiene-sus-26-convocados-para-qatar","status":"publish","type":"post","link":"http:\/\/informateesquina.com\/?p=56532","title":{"rendered":"Mundial: la Selecci\u00f3n Argentina ya tiene sus 26 convocados para Qatar"},"content":{"rendered":"<div class=\"row\">\n<div class=\"col-12 col-lg-8\">\n<section class=\"note-detail-head\" data-type=\"article\">\n<div class=\"info-wrapper\"><\/div>\n<\/section>\n<section class=\"note-detail-head\" data-type=\"article\">\n<div class=\"info-wrapper\">\n<div class=\"row no-gutters align-items-center author-and-share-wrapper\">\n<div class=\"col col-lg-6 text-right\">\n<p>&nbsp;<\/p>\n<\/div>\n<\/div>\n<\/div>\n<\/section>\n<div class=\"detail-gallery\">\n<div class=\"detail-gallery__slide-wrapper\">\n<div class=\"detail-gallery__slide\">\n<figure class=\"detail-gallery__figure\"><img loading=\"lazy\" decoding=\"async\" class=\"detail-gallery__figure-img img-fluid\" title=\"Mundial: la Selecci\u00f3n Argentina ya tiene sus 26 convocados para Qatar | LM Neuquen\" src=\"https:\/\/media.lmneuquen.com\/p\/d8930f64368297ac0c5c25a5516f72a7\/adjuntos\/195\/imagenes\/007\/335\/0007335539\/770x0\/smart\/lionel-scalonijpg.jpg\" alt=\"Mundial: la Selecci\u00f3n Argentina ya tiene sus 26 convocados para Qatar\" width=\"1200\" height=\"678\" \/><figcaption class=\"detail-gallery__figure-caption\">\n<div class=\"credit-media  \"><\/div>\n<\/figcaption><\/figure>\n<\/div>\n<div class=\"detail-gallery__nav\"><\/div>\n<\/div>\n<\/div>\n<section class=\"body-content\" data-twitter-link=\"https:\/\/twitter.com\/intent\/tweet?url=https:\/\/www.lmneuquen.com\/c965692&amp;v\u00eda=lmneuquen&amp;related=LM Neuquen&amp;text=\" data-td-script-src=\"https:\/\/www.lmneuquen.com\/js-custom\/195\/v2\/jquery-3.6.0.min-min-version-1621517491.js,https:\/\/www.lmneuquen.com\/js-custom\/195\/v2\/functions\/function-embeds-min-version-1622559975.js\">El entrenador\u00a0<strong>Lionel Scaloni\u00a0<\/strong>confirm\u00f3 en un video a trav\u00e9s de las redes sociales. quienes ser\u00e1n los 26 futbolistas que representar\u00e1n a la\u00a0<strong>Selecci\u00f3n Argentina en el Mundial.<\/strong><\/p>\n<\/section>\n<section class=\"body-content\" data-twitter-link=\"https:\/\/twitter.com\/intent\/tweet?url=https:\/\/www.lmneuquen.com\/c965692&amp;v\u00eda=lmneuquen&amp;related=LM Neuquen&amp;text=\" data-td-script-src=\"https:\/\/www.lmneuquen.com\/js-custom\/195\/v2\/jquery-3.6.0.min-min-version-1621517491.js,https:\/\/www.lmneuquen.com\/js-custom\/195\/v2\/functions\/function-embeds-min-version-1622559975.js\">Con la mayor\u00eda de los equipos ya definidos para la cita mundialista, el entrenador argentino comunic\u00f3 a los protagonistas quienes ser\u00e1n los elegidos y luego hizo p\u00fablico el anuncio.<\/p>\n<\/section>\n<section class=\"it-may-interest-you-sm\">\n<header class=\"object-title header-title\">\n<p class=\"title d-inline-block\">\n<\/header>\n<div class=\"row\">\n<div class=\"col-12 col-lg-6\">\n<article class=\"it-may-interest-you-article article-with-hover row align-items-stretch no-gutters  \" data-type=\"article\">\n<div class=\"col-auto\"><\/div>\n<\/article>\n<\/div>\n<\/div>\n<\/section>\n<section class=\"body-content\" data-twitter-link=\"https:\/\/twitter.com\/intent\/tweet?url=https:\/\/www.lmneuquen.com\/c965692&amp;v\u00eda=lmneuquen&amp;related=LM Neuquen&amp;text=\" data-td-script-src=\"https:\/\/www.lmneuquen.com\/js-custom\/195\/v2\/jquery-3.6.0.min-min-version-1621517491.js,https:\/\/www.lmneuquen.com\/js-custom\/195\/v2\/functions\/function-embeds-min-version-1622559975.js\">En los d\u00edas previos solo restaban tres nombres, el resto estaba definido. Finalmente este viernes se comenz\u00f3 a delinear la n\u00f3mina final.<\/p>\n<\/section>\n<section class=\"body-content\" data-twitter-link=\"https:\/\/twitter.com\/intent\/tweet?url=https:\/\/www.lmneuquen.com\/c965692&amp;v\u00eda=lmneuquen&amp;related=LM Neuquen&amp;text=\" data-td-script-src=\"https:\/\/www.lmneuquen.com\/js-custom\/195\/v2\/jquery-3.6.0.min-min-version-1621517491.js,https:\/\/www.lmneuquen.com\/js-custom\/195\/v2\/functions\/function-embeds-min-version-1622559975.js\">El ausente ser\u00eda \u00c1ngel Correa, jugador del Atl\u00e9tico Madrid, que particip\u00f3 en gran parte del ciclo Scaloni, fue parte del equipo que gan\u00f3 la Copa Am\u00e9rica 2020 en Brasil, pero su presente y la competencia en el puesto no le alcanzaron para llegar a Qatar.<\/p>\n<p>Los que s\u00ed est\u00e1n son el defensor Juan Foyth, que ser\u00e1 el noveno jugador en esa zona del campo, y los delanteros Joaqu\u00edn Correa y Paulo Dybala, que estaba en duda hasta el final por una lesi\u00f3n. Tambi\u00e9n figura en la lista final Exequiel Palacios, favorecido por la baja de Giovani Lo Celso.<\/p>\n<div id=\"888968-479932789_wrap\" class=\"embed_cont type_video\" contenteditable=\"false\">\n<div id=\"888968-479932789_content\" class=\"embed_content\">\n<div id=\"888968-479932789_embed\">\n<div id=\"mediaPlayer_888968-479932789\"><iframe loading=\"lazy\" id=\"iFrameResizer0\" src=\"https:\/\/www.lmneuquen.com\/services\/embed.php?idAdjunto=888968&amp;idAdjuntoTamano=&amp;width=100%25&amp;height=351&amp;tipo=video\" width=\"100%\" height=\"351\" frameborder=\"0\" scrolling=\"no\" allowfullscreen=\"allowfullscreen\" data-td-src-property=\"https:\/\/www.lmneuquen.com\/services\/embed.php?idAdjunto=888968&amp;idAdjuntoTamano=&amp;width=100%25&amp;height=351&amp;tipo=video\" data-mce-fragment=\"1\"><\/iframe><\/div>\n<\/div>\n<\/div>\n<\/div>\n<p><strong>Arqueros<\/strong><\/p>\n<ul>\n<li class=\"list__item\">\u00a0Emiliano \u201cDibu\u201d Mart\u00ednez (30 a\u00f1os) &#8211; Aston Villa<\/li>\n<li class=\"list__item\">Franco Armani (36) &#8211; River Plate<\/li>\n<li class=\"list__item\">Ger\u00f3nimo Rulli (30) &#8211; Villarreal<\/li>\n<\/ul>\n<p><strong>Defensores<\/strong><\/p>\n<ul>\n<li class=\"list__item\">\u00a0Nahuel Molina (24) &#8211; Atl\u00e9tico de Madrid<\/li>\n<li class=\"list__item\">Gonzalo Montiel (25) &#8211; Sevilla<\/li>\n<li class=\"list__item\">Cristian Romero (24) &#8211; Tottenham<\/li>\n<li class=\"list__item\">Germ\u00e1n Pezzella (31) &#8211; Real Betis<\/li>\n<li class=\"list__item\">Nicol\u00e1s Otamendi (34) &#8211; Benfica<\/li>\n<li class=\"list__item\">Lisandro Mart\u00ednez (24) &#8211; Manchester United<\/li>\n<li class=\"list__item\">Marcos Acu\u00f1a (31) &#8211; Sevilla<\/li>\n<li class=\"list__item\">Nicol\u00e1s Tagliafico (30) &#8211; Olympique de Lyon<\/li>\n<li class=\"list__item\">Juan Foyth (24) &#8211; Villarreal<\/li>\n<\/ul>\n<p><strong>Mediocampistas<\/strong><\/p>\n<ul>\n<li class=\"list__item\">\u00a0Rodrigo De Paul (28) &#8211; Atl\u00e9tico de Madrid<\/li>\n<li class=\"list__item\">Leandro Paredes (28) &#8211; Juventus<\/li>\n<li class=\"list__item\">Alexis Mac Allister (23) &#8211; Brighton<\/li>\n<li class=\"list__item\">Guido Rodr\u00edguez (28) &#8211; Real Betis<\/li>\n<li class=\"list__item\">Alejandro Papu G\u00f3mez (34) &#8211; Sevilla<\/li>\n<li class=\"list__item\">Enzo Fern\u00e1ndez (21) &#8211; Benfica<\/li>\n<li class=\"list__item\">Exequiel Palacios (24) &#8211; Bayer Leverkusen<\/li>\n<\/ul>\n<p>Delanteros<\/p>\n<ul>\n<li class=\"list__item\">\u00c1ngel Di Mar\u00eda (34) &#8211; Juventus<\/li>\n<li class=\"list__item\">Lautaro Mart\u00ednez (25) &#8211; Inter<\/li>\n<li class=\"list__item\">Juli\u00e1n \u00c1lvarez (22) &#8211; Manchester City<\/li>\n<li class=\"list__item\">Nicol\u00e1s Gonz\u00e1lez (24) &#8211; Fiorentina<\/li>\n<li class=\"list__item\">Joaqu\u00edn Correa (28) &#8211; Inter<\/li>\n<li class=\"list__item\">Paulo Dybala (28) &#8211; Roma<\/li>\n<li class=\"list__item\">Lionel Messi (35) &#8211; Par\u00eds Saint-Germain.<\/li>\n<\/ul>\n<div id=\"888969-Libre-467692932_wrap\" class=\"embed_cont type_imagen\" contenteditable=\"false\">\n<div id=\"888969-Libre-467692932_content\" class=\"embed_content\"><img decoding=\"async\" id=\"888969-Libre-467692932_embed\" src=\"https:\/\/media.lmneuquen.com\/p\/998630ac474cc22bd5bce9ccc24f8d4e\/adjuntos\/195\/imagenes\/007\/340\/0007340613\/770x0\/smart\/fhss1h-xoaahuuljfif.jfif\" alt=\"\" width=\"770\" height=\"\" data-td-src-property=\"https:\/\/media.lmneuquen.com\/p\/998630ac474cc22bd5bce9ccc24f8d4e\/adjuntos\/195\/imagenes\/007\/340\/0007340613\/770x0\/smart\/fhss1h-xoaahuuljfif.jfif\" \/><\/div>\n<\/div>\n<\/section>\n<\/div>\n<\/div>\n","protected":false},"excerpt":{"rendered":"<p>&nbsp; El entrenador\u00a0Lionel Scaloni\u00a0confirm\u00f3 en un video a trav\u00e9s de las redes sociales. quienes ser\u00e1n los 26 futbolistas que representar\u00e1n a la\u00a0Selecci\u00f3n Argentina en el Mundial. Con la mayor\u00eda de los equipos ya definidos para la cita mundialista, el entrenador argentino comunic\u00f3 a los protagonistas quienes ser\u00e1n los elegidos y luego hizo p\u00fablico el anuncio. [&hellip;]<\/p>\n","protected":false},"author":3,"featured_media":56533,"comment_status":"open","ping_status":"open","sticky":false,"template":"","format":"standard","meta":{"footnotes":""},"categories":[3,10],"tags":[],"class_list":["post-56532","post","type-post","status-publish","format-standard","has-post-thumbnail","hentry","category-deportes","category-provinciales"],"_links":{"self":[{"href":"http:\/\/informateesquina.com\/index.php?rest_route=\/wp\/v2\/posts\/56532","targetHints":{"allow":["GET"]}}],"collection":[{"href":"http:\/\/informateesquina.com\/index.php?rest_route=\/wp\/v2\/posts"}],"about":[{"href":"http:\/\/informateesquina.com\/index.php?rest_route=\/wp\/v2\/types\/post"}],"author":[{"embeddable":true,"href":"http:\/\/informateesquina.com\/index.php?rest_route=\/wp\/v2\/users\/3"}],"replies":[{"embeddable":true,"href":"http:\/\/informateesquina.com\/index.php?rest_route=%2Fwp%2Fv2%2Fcomments&post=56532"}],"version-history":[{"count":0,"href":"http:\/\/informateesquina.com\/index.php?rest_route=\/wp\/v2\/posts\/56532\/revisions"}],"wp:featuredmedia":[{"embeddable":true,"href":"http:\/\/informateesquina.com\/index.php?rest_route=\/wp\/v2\/media\/56533"}],"wp:attachment":[{"href":"http:\/\/informateesquina.com\/index.php?rest_route=%2Fwp%2Fv2%2Fmedia&parent=56532"}],"wp:term":[{"taxonomy":"category","embeddable":true,"href":"http:\/\/informateesquina.com\/index.php?rest_route=%2Fwp%2Fv2%2Fcategories&post=56532"},{"taxonomy":"post_tag","embeddable":true,"href":"http:\/\/informateesquina.com\/index.php?rest_route=%2Fwp%2Fv2%2Ftags&post=56532"}],"curies":[{"name":"wp","href":"https:\/\/api.w.org\/{rel}","templated":true}]}}