{"id":56536,"date":"2022-11-11T21:27:56","date_gmt":"2022-11-12T00:27:56","guid":{"rendered":"https:\/\/informateesquina.com\/?p=56536"},"modified":"2022-11-11T21:27:56","modified_gmt":"2022-11-12T00:27:56","slug":"tini-stoessel-invito-a-un-fan-a-subir-al-escenario-y-mira-lo-que-paso","status":"publish","type":"post","link":"http:\/\/informateesquina.com\/?p=56536","title":{"rendered":"Tini Stoessel invit\u00f3 a un fan a subir al escenario y \u00a1mir\u00e1 lo que pas\u00f3"},"content":{"rendered":"<div>\n<p class=\"copete\">Este jueves se llev\u00f3 a cabo el primero de los dos conciertos que Tini Stoessel realiza en el estadio Mario Alberto Kempes en C\u00f3rdoba. Durante el primer show se llev\u00f3 un momento muy emocionante cuando la cantante invit\u00f3 a un fan\u00e1tico a subir al escenario.<\/p>\n<\/div>\n<div class=\"cuerpo\">\n<p><em><strong>Impresionada por su forma de bailar durante todo el concierto, Tini invit\u00f3 a Gonzalo a subir y\u00a0el joven no lo dud\u00f3 un segundo.<\/strong><\/em><\/p>\n<div>\n<div style=\"width: 640px;\" class=\"wp-video\"><video class=\"wp-video-shortcode\" id=\"video-56536-1\" width=\"640\" height=\"352\" preload=\"metadata\" controls=\"controls\"><source type=\"video\/mp4\" src=\"https:\/\/informateesquina.com\/wp-content\/uploads\/2022\/11\/WhatsApp-Video-2022-11-11-at-6.36.26-PM.mp4?_=1\" \/><a href=\"https:\/\/informateesquina.com\/wp-content\/uploads\/2022\/11\/WhatsApp-Video-2022-11-11-at-6.36.26-PM.mp4\">https:\/\/informateesquina.com\/wp-content\/uploads\/2022\/11\/WhatsApp-Video-2022-11-11-at-6.36.26-PM.mp4<\/a><\/video><\/div>\n<\/div>\n<p>&nbsp;<\/p>\n<p><em><strong>&#8220;Todav\u00eda no lo puedo creer, yo pensaba tirarle la bandera del orgullo nom\u00e1s y\u00a0ella me dijo que suba al escenario. Fue una locura&#8221;, cont\u00f3 Gonzalo.\u00a0<\/strong><\/em><\/p>\n<p>El fan\u00e1tico confes\u00f3 que su tema preferido de Tini es &#8220;La Triple T&#8221;. Consultado por la coreograf\u00eda de los bailes, dijo que\u00a0mira los videos de la cantante todos los d\u00edas.\u00a0&#8220;De esa forma, me los aprendo r\u00e1pido&#8221;. &#8220;Tini es mi vida entera, la amo tanto.\u00a0Me ha salvado de tantas cosas.\u00a0A veces estoy triste y escucho su m\u00fasica para levantar el \u00e1nimo&#8221;, agreg\u00f3 emocionado.<\/p>\n<p>Y concluy\u00f3: &#8220;Cada uno es como tiene que ser y nadie merece ser juzgado&#8221;.<\/p>\n<p><strong>LA PUBLICACI\u00d3N DE TINI<\/strong><\/p>\n<p>El v\u00eddeo se ha vuelto viral en redes sociales porque la propia cantante lo comparti\u00f3. El fan\u00e1tico ha ganado m\u00e1s de 10 mil followers en su perfil tras la publicaci\u00f3n del video que hizo Tini agradeci\u00e9ndole.\u00a0\u201cGracias por cumplir mi sue\u00f1o\u201d, puso en sus historias el chico, que tiene m\u00e1s de 6 fechas vistas de esta gira.<\/p>\n<\/div>\n","protected":false},"excerpt":{"rendered":"<p>Este jueves se llev\u00f3 a cabo el primero de los dos conciertos que Tini Stoessel realiza en el estadio Mario Alberto Kempes en C\u00f3rdoba. Durante el primer show se llev\u00f3 un momento muy emocionante cuando la cantante invit\u00f3 a un fan\u00e1tico a subir al escenario. Impresionada por su forma de bailar durante todo el concierto, [&hellip;]<\/p>\n","protected":false},"author":3,"featured_media":56538,"comment_status":"open","ping_status":"open","sticky":false,"template":"","format":"standard","meta":{"footnotes":""},"categories":[4],"tags":[],"class_list":["post-56536","post","type-post","status-publish","format-standard","has-post-thumbnail","hentry","category-espectaculos"],"_links":{"self":[{"href":"http:\/\/informateesquina.com\/index.php?rest_route=\/wp\/v2\/posts\/56536","targetHints":{"allow":["GET"]}}],"collection":[{"href":"http:\/\/informateesquina.com\/index.php?rest_route=\/wp\/v2\/posts"}],"about":[{"href":"http:\/\/informateesquina.com\/index.php?rest_route=\/wp\/v2\/types\/post"}],"author":[{"embeddable":true,"href":"http:\/\/informateesquina.com\/index.php?rest_route=\/wp\/v2\/users\/3"}],"replies":[{"embeddable":true,"href":"http:\/\/informateesquina.com\/index.php?rest_route=%2Fwp%2Fv2%2Fcomments&post=56536"}],"version-history":[{"count":0,"href":"http:\/\/informateesquina.com\/index.php?rest_route=\/wp\/v2\/posts\/56536\/revisions"}],"wp:featuredmedia":[{"embeddable":true,"href":"http:\/\/informateesquina.com\/index.php?rest_route=\/wp\/v2\/media\/56538"}],"wp:attachment":[{"href":"http:\/\/informateesquina.com\/index.php?rest_route=%2Fwp%2Fv2%2Fmedia&parent=56536"}],"wp:term":[{"taxonomy":"category","embeddable":true,"href":"http:\/\/informateesquina.com\/index.php?rest_route=%2Fwp%2Fv2%2Fcategories&post=56536"},{"taxonomy":"post_tag","embeddable":true,"href":"http:\/\/informateesquina.com\/index.php?rest_route=%2Fwp%2Fv2%2Ftags&post=56536"}],"curies":[{"name":"wp","href":"https:\/\/api.w.org\/{rel}","templated":true}]}}