{"id":56559,"date":"2022-11-14T14:18:20","date_gmt":"2022-11-14T17:18:20","guid":{"rendered":"https:\/\/informateesquina.com\/?p=56559"},"modified":"2022-11-14T14:18:20","modified_gmt":"2022-11-14T17:18:20","slug":"pablo-tamagnini-conto-que-tiene-casi-40-anos-y-seis-hijos","status":"publish","type":"post","link":"http:\/\/informateesquina.com\/?p=56559","title":{"rendered":"Pablo Tamagnini cont\u00f3 que tiene casi 40 a\u00f1os y seis hijos"},"content":{"rendered":"<h1><a class=\"fotos-desarrollo unlink\" style=\"font-size: 15px;\" title=\"Pablo Tamagnini cont\u00f3 que tiene casi 40 a\u00f1os y seis hijos\" href=\"https:\/\/www.radiosudamericana.com\/notix\/multimedia\/imagenes\/fotos\/2022-11-14\/432644.jpg\"><img loading=\"lazy\" decoding=\"async\" class=\"img-responsive lazyload center-block\" src=\"https:\/\/www.radiosudamericana.com\/notix\/multimedia\/imagenes\/fotos\/2022-11-14\/432644.jpg_nota.jpg\" alt=\"Pablo Tamagnini cont\u00f3 que tiene casi 40 a\u00f1os y seis hijos\" width=\"700\" height=\"393\" \/><\/a><\/h1>\n<p>&nbsp;<\/p>\n<div class=\"cuerpo\">\n<p>Pablo Tamagnini, cantante de la banda de cuarteto La K&#8217;onga. fue uno de los invitados de PH, Podemos Hablar y sorprendi\u00f3 a quienes lo perdieron de vista desde Operaci\u00f3n Triunfo. Ultra popular en C\u00f3rdoba, quien surgiera de Operaci\u00f3n Triunfo est\u00e1 est\u00e9ticamente id\u00e9ntico a aquel chico que compet\u00eda en el reality de Telefe pese a que tiene 39 a\u00f1os y es pap\u00e1 de seis hijos.<\/p>\n<p>Quien fue parte de Gran Hermano Famosos adem\u00e1s cont\u00f3 que tuvo una relaci\u00f3n prohibida y que su &#8220;mujer se banc\u00f3 muchas situaciones&#8221;.<\/p>\n<div class=\"jeg_video_container jeg_video_content\"><iframe loading=\"lazy\" title=\"Programa 32 (12-11-2022) - Podemos Hablar\" width=\"500\" height=\"281\" src=\"https:\/\/www.youtube.com\/embed\/H-3Ds5m3LUY?feature=oembed\" frameborder=\"0\" allow=\"accelerometer; autoplay; clipboard-write; encrypted-media; gyroscope; picture-in-picture; web-share\" referrerpolicy=\"strict-origin-when-cross-origin\" allowfullscreen><\/iframe><\/div>\n<\/div>\n","protected":false},"excerpt":{"rendered":"<p>&nbsp; Pablo Tamagnini, cantante de la banda de cuarteto La K&#8217;onga. fue uno de los invitados de PH, Podemos Hablar y sorprendi\u00f3 a quienes lo perdieron de vista desde Operaci\u00f3n Triunfo. Ultra popular en C\u00f3rdoba, quien surgiera de Operaci\u00f3n Triunfo est\u00e1 est\u00e9ticamente id\u00e9ntico a aquel chico que compet\u00eda en el reality de Telefe pese a [&hellip;]<\/p>\n","protected":false},"author":3,"featured_media":56560,"comment_status":"open","ping_status":"open","sticky":false,"template":"","format":"standard","meta":{"footnotes":""},"categories":[4,11],"tags":[],"class_list":["post-56559","post","type-post","status-publish","format-standard","has-post-thumbnail","hentry","category-espectaculos","category-sociedad"],"_links":{"self":[{"href":"http:\/\/informateesquina.com\/index.php?rest_route=\/wp\/v2\/posts\/56559","targetHints":{"allow":["GET"]}}],"collection":[{"href":"http:\/\/informateesquina.com\/index.php?rest_route=\/wp\/v2\/posts"}],"about":[{"href":"http:\/\/informateesquina.com\/index.php?rest_route=\/wp\/v2\/types\/post"}],"author":[{"embeddable":true,"href":"http:\/\/informateesquina.com\/index.php?rest_route=\/wp\/v2\/users\/3"}],"replies":[{"embeddable":true,"href":"http:\/\/informateesquina.com\/index.php?rest_route=%2Fwp%2Fv2%2Fcomments&post=56559"}],"version-history":[{"count":0,"href":"http:\/\/informateesquina.com\/index.php?rest_route=\/wp\/v2\/posts\/56559\/revisions"}],"wp:featuredmedia":[{"embeddable":true,"href":"http:\/\/informateesquina.com\/index.php?rest_route=\/wp\/v2\/media\/56560"}],"wp:attachment":[{"href":"http:\/\/informateesquina.com\/index.php?rest_route=%2Fwp%2Fv2%2Fmedia&parent=56559"}],"wp:term":[{"taxonomy":"category","embeddable":true,"href":"http:\/\/informateesquina.com\/index.php?rest_route=%2Fwp%2Fv2%2Fcategories&post=56559"},{"taxonomy":"post_tag","embeddable":true,"href":"http:\/\/informateesquina.com\/index.php?rest_route=%2Fwp%2Fv2%2Ftags&post=56559"}],"curies":[{"name":"wp","href":"https:\/\/api.w.org\/{rel}","templated":true}]}}