{"id":56562,"date":"2022-11-14T14:27:07","date_gmt":"2022-11-14T17:27:07","guid":{"rendered":"https:\/\/informateesquina.com\/?p=56562"},"modified":"2022-11-14T14:27:07","modified_gmt":"2022-11-14T17:27:07","slug":"goya-prefectura-asistio-a-dos-hombres-atrapados-en-el-rio-parana","status":"publish","type":"post","link":"http:\/\/informateesquina.com\/?p=56562","title":{"rendered":"Goya: Prefectura asisti\u00f3 a dos hombres atrapados en el r\u00edo Paran\u00e1"},"content":{"rendered":"<header>\n<div><\/div>\n<\/header>\n<section class=\"body\">\n<section class=\"content\">\n<div class=\"main-text\">\n<div class=\"126396-images-embed gallery slick-initialized slick-slider\" data-role=\"m_gallery\">\n<div class=\"slick-list draggable\">\n<div class=\"slick-track\">\n<div class=\"image slick-slide slick-current slick-active\" tabindex=\"0\" data-slick-index=\"0\" aria-hidden=\"false\">\n<figure><img decoding=\"async\" src=\"https:\/\/www.radiodos.com.ar\/content\/bucket\/1\/181131h720.jpg.webp\" alt=\"Foto01.jpeg\" \/><\/figure>\n<\/div>\n<div class=\"image slick-slide\" tabindex=\"-1\" data-slick-index=\"1\" aria-hidden=\"true\">\n<figure><\/figure>\n<\/div>\n<div class=\"image slick-slide\" tabindex=\"-1\" data-slick-index=\"2\" aria-hidden=\"true\">\n<figure><img decoding=\"async\" src=\"https:\/\/www.radiodos.com.ar\/content\/bucket\/3\/181133h720.jpg.webp\" alt=\"Foto03.jpeg\" \/><\/figure>\n<\/div>\n<\/div>\n<\/div>\n<\/div>\n<p>La Autoridad Mar\u00edtima fue advertida del incidente por un llamado al n\u00famero de Emergencias Na\u00faticas (106), e inmediatamente despleg\u00f3 el operativo de rescate: a bordo de una embarcaci\u00f3n y con apoyo de un medio terrestre, los efectivos localizaron a los navegantes en el kil\u00f3metro 995 del r\u00edo arriba mencionado.<\/p>\n<p>Al arribar a la zona denominada \u00a0Punta San Mart\u00edn, Prefectura hall\u00f3 a los \u00a0hombres mientras se sujetaban de los gajos del \u00e1rbol para no hundirse y r\u00e1pidamente los asisti\u00f3.<\/p>\n<p>Los deportistas fueron trasladados, junto a la piragua, en buen estado de salud, hacia \u00a0la bajada na\u00fatica &#8220;Minguito&#8221;.<\/p>\n<\/div>\n<\/section>\n<\/section>\n","protected":false},"excerpt":{"rendered":"<p>La Autoridad Mar\u00edtima fue advertida del incidente por un llamado al n\u00famero de Emergencias Na\u00faticas (106), e inmediatamente despleg\u00f3 el operativo de rescate: a bordo de una embarcaci\u00f3n y con apoyo de un medio terrestre, los efectivos localizaron a los navegantes en el kil\u00f3metro 995 del r\u00edo arriba mencionado. Al arribar a la zona denominada [&hellip;]<\/p>\n","protected":false},"author":3,"featured_media":56563,"comment_status":"open","ping_status":"open","sticky":false,"template":"","format":"standard","meta":{"footnotes":""},"categories":[10,11],"tags":[],"class_list":["post-56562","post","type-post","status-publish","format-standard","has-post-thumbnail","hentry","category-provinciales","category-sociedad"],"_links":{"self":[{"href":"http:\/\/informateesquina.com\/index.php?rest_route=\/wp\/v2\/posts\/56562","targetHints":{"allow":["GET"]}}],"collection":[{"href":"http:\/\/informateesquina.com\/index.php?rest_route=\/wp\/v2\/posts"}],"about":[{"href":"http:\/\/informateesquina.com\/index.php?rest_route=\/wp\/v2\/types\/post"}],"author":[{"embeddable":true,"href":"http:\/\/informateesquina.com\/index.php?rest_route=\/wp\/v2\/users\/3"}],"replies":[{"embeddable":true,"href":"http:\/\/informateesquina.com\/index.php?rest_route=%2Fwp%2Fv2%2Fcomments&post=56562"}],"version-history":[{"count":0,"href":"http:\/\/informateesquina.com\/index.php?rest_route=\/wp\/v2\/posts\/56562\/revisions"}],"wp:featuredmedia":[{"embeddable":true,"href":"http:\/\/informateesquina.com\/index.php?rest_route=\/wp\/v2\/media\/56563"}],"wp:attachment":[{"href":"http:\/\/informateesquina.com\/index.php?rest_route=%2Fwp%2Fv2%2Fmedia&parent=56562"}],"wp:term":[{"taxonomy":"category","embeddable":true,"href":"http:\/\/informateesquina.com\/index.php?rest_route=%2Fwp%2Fv2%2Fcategories&post=56562"},{"taxonomy":"post_tag","embeddable":true,"href":"http:\/\/informateesquina.com\/index.php?rest_route=%2Fwp%2Fv2%2Ftags&post=56562"}],"curies":[{"name":"wp","href":"https:\/\/api.w.org\/{rel}","templated":true}]}}