{"id":56565,"date":"2022-11-14T14:31:54","date_gmt":"2022-11-14T17:31:54","guid":{"rendered":"https:\/\/informateesquina.com\/?p=56565"},"modified":"2022-11-14T14:31:54","modified_gmt":"2022-11-14T17:31:54","slug":"corrientes-vecinos-casi-linchan-a-una-mujer-por-varios-robos","status":"publish","type":"post","link":"http:\/\/informateesquina.com\/?p=56565","title":{"rendered":"Corrientes: Vecinos casi linchan a  una mujer por varios robos"},"content":{"rendered":"<section class=\"body\">\n<section class=\"content\">\n<figure class=\"big-column\"><picture><img loading=\"lazy\" decoding=\"async\" class=\"pic\" src=\"https:\/\/www.radiodos.com.ar\/content\/bucket\/0\/181130w850h552c.jpg.webp\" alt=\"\" width=\"850\" height=\"552\" \/><\/picture><\/figure>\n<div class=\"main-text\">\n<div class=\"social\">\n<div class=\"share\">Lo moradores de la zona aseguran que ya est\u00e1n hartos de los delincuentes y estaban a punto de hacer justicia por mano propia, confirmaron fuentes oficiales.<\/div>\n<\/div>\n<p>Los incidentes tuvieron lugar ayer, alrededor de las 16:30, por calle La Pampa y Benjam\u00edn de la Vega, en el barrio Galv\u00e1n II, donde la joven en cuesti\u00f3n hab\u00eda sido descubierta robando. Y no ser\u00eda la primera vez.<\/p>\n<p>Cansados de la situaci\u00f3n, los vecinos tomaron la justicia por sus manos y le dieron una golpiza, pero la joven escap\u00f3 y se refugi\u00f3 en varias viviendas mientras se fugaba.<\/p>\n<p>La Polic\u00eda lleg\u00f3 para poder retirarla y llevarla a la comisar\u00eda. De milagro la situaci\u00f3n no pas\u00f3 a mayores, pero los vecinos alertan que &#8220;no la quieren de vuelta en el barrio&#8221;.<\/p>\n<\/div>\n<\/section>\n<\/section>\n","protected":false},"excerpt":{"rendered":"<p>Lo moradores de la zona aseguran que ya est\u00e1n hartos de los delincuentes y estaban a punto de hacer justicia por mano propia, confirmaron fuentes oficiales. Los incidentes tuvieron lugar ayer, alrededor de las 16:30, por calle La Pampa y Benjam\u00edn de la Vega, en el barrio Galv\u00e1n II, donde la joven en cuesti\u00f3n hab\u00eda [&hellip;]<\/p>\n","protected":false},"author":3,"featured_media":56566,"comment_status":"open","ping_status":"open","sticky":false,"template":"","format":"standard","meta":{"footnotes":""},"categories":[10,11],"tags":[],"class_list":["post-56565","post","type-post","status-publish","format-standard","has-post-thumbnail","hentry","category-provinciales","category-sociedad"],"_links":{"self":[{"href":"http:\/\/informateesquina.com\/index.php?rest_route=\/wp\/v2\/posts\/56565","targetHints":{"allow":["GET"]}}],"collection":[{"href":"http:\/\/informateesquina.com\/index.php?rest_route=\/wp\/v2\/posts"}],"about":[{"href":"http:\/\/informateesquina.com\/index.php?rest_route=\/wp\/v2\/types\/post"}],"author":[{"embeddable":true,"href":"http:\/\/informateesquina.com\/index.php?rest_route=\/wp\/v2\/users\/3"}],"replies":[{"embeddable":true,"href":"http:\/\/informateesquina.com\/index.php?rest_route=%2Fwp%2Fv2%2Fcomments&post=56565"}],"version-history":[{"count":0,"href":"http:\/\/informateesquina.com\/index.php?rest_route=\/wp\/v2\/posts\/56565\/revisions"}],"wp:featuredmedia":[{"embeddable":true,"href":"http:\/\/informateesquina.com\/index.php?rest_route=\/wp\/v2\/media\/56566"}],"wp:attachment":[{"href":"http:\/\/informateesquina.com\/index.php?rest_route=%2Fwp%2Fv2%2Fmedia&parent=56565"}],"wp:term":[{"taxonomy":"category","embeddable":true,"href":"http:\/\/informateesquina.com\/index.php?rest_route=%2Fwp%2Fv2%2Fcategories&post=56565"},{"taxonomy":"post_tag","embeddable":true,"href":"http:\/\/informateesquina.com\/index.php?rest_route=%2Fwp%2Fv2%2Ftags&post=56565"}],"curies":[{"name":"wp","href":"https:\/\/api.w.org\/{rel}","templated":true}]}}