{"id":56568,"date":"2022-11-14T18:15:03","date_gmt":"2022-11-14T21:15:03","guid":{"rendered":"https:\/\/informateesquina.com\/?p=56568"},"modified":"2022-11-14T18:16:34","modified_gmt":"2022-11-14T21:16:34","slug":"pueblo-libertador-detvuvieron-a-joven-de-18-anos-por-abuso-sexual-de-una-nina","status":"publish","type":"post","link":"http:\/\/informateesquina.com\/?p=56568","title":{"rendered":"Pueblo Libertador: detvuvieron a joven de 18 a\u00f1os por abuso sexual de una ni\u00f1a"},"content":{"rendered":"<p>Seg\u00fan informaron fuentes oficiales, la detenci\u00f3n se realiz\u00f3 luego de que la peque\u00f1a le contara a su mam\u00e1, conocido del agresor, lo que hab\u00eda ocurrido.<\/p>\n<p>De acuerdo a los voceros, en una visita a la casa del abuelo, el joven mayor de edad habr\u00eda llevado a la v\u00edctima a un sector apartado de la casa donde habr\u00eda llevado a cabo el abuso. Lo cierto es que, al tomar conocimiento de esto, su madre realiz\u00f3 la denuncia en Comisar\u00eda de la Mujer y Menor de la ciudad de Esquina el d\u00eda s\u00e1bado a la noche.<\/p>\n<p>Luego de entrevistarse con los padres de la ni\u00f1a, se despleg\u00f3 un operativo que permiti\u00f3 la captura del acusado en un domicilio en Pueblo Libertador, a pocos kil\u00f3metros de la localidad de Esquina. Tambi\u00e9n se secuestraron elementos de inter\u00e9s para la causa.<\/p>\n<p>En estos momentos, el acusado de haber cometido el delito se encuentra detenido en la Comisar\u00eda Segunda de Esquina.<\/p>\n<p>&nbsp;<\/p>\n<p>Fuente: Esquina<\/p>\n","protected":false},"excerpt":{"rendered":"<p>Seg\u00fan informaron fuentes oficiales, la detenci\u00f3n se realiz\u00f3 luego de que la peque\u00f1a le contara a su mam\u00e1, conocido del agresor, lo que hab\u00eda ocurrido. De acuerdo a los voceros, en una visita a la casa del abuelo, el joven mayor de edad habr\u00eda llevado a la v\u00edctima a un sector apartado de la casa [&hellip;]<\/p>\n","protected":false},"author":3,"featured_media":56569,"comment_status":"open","ping_status":"open","sticky":false,"template":"","format":"standard","meta":{"footnotes":""},"categories":[8,11],"tags":[],"class_list":["post-56568","post","type-post","status-publish","format-standard","has-post-thumbnail","hentry","category-policiales","category-sociedad"],"_links":{"self":[{"href":"http:\/\/informateesquina.com\/index.php?rest_route=\/wp\/v2\/posts\/56568","targetHints":{"allow":["GET"]}}],"collection":[{"href":"http:\/\/informateesquina.com\/index.php?rest_route=\/wp\/v2\/posts"}],"about":[{"href":"http:\/\/informateesquina.com\/index.php?rest_route=\/wp\/v2\/types\/post"}],"author":[{"embeddable":true,"href":"http:\/\/informateesquina.com\/index.php?rest_route=\/wp\/v2\/users\/3"}],"replies":[{"embeddable":true,"href":"http:\/\/informateesquina.com\/index.php?rest_route=%2Fwp%2Fv2%2Fcomments&post=56568"}],"version-history":[{"count":0,"href":"http:\/\/informateesquina.com\/index.php?rest_route=\/wp\/v2\/posts\/56568\/revisions"}],"wp:featuredmedia":[{"embeddable":true,"href":"http:\/\/informateesquina.com\/index.php?rest_route=\/wp\/v2\/media\/56569"}],"wp:attachment":[{"href":"http:\/\/informateesquina.com\/index.php?rest_route=%2Fwp%2Fv2%2Fmedia&parent=56568"}],"wp:term":[{"taxonomy":"category","embeddable":true,"href":"http:\/\/informateesquina.com\/index.php?rest_route=%2Fwp%2Fv2%2Fcategories&post=56568"},{"taxonomy":"post_tag","embeddable":true,"href":"http:\/\/informateesquina.com\/index.php?rest_route=%2Fwp%2Fv2%2Ftags&post=56568"}],"curies":[{"name":"wp","href":"https:\/\/api.w.org\/{rel}","templated":true}]}}