{"id":56572,"date":"2022-11-14T18:33:54","date_gmt":"2022-11-14T21:33:54","guid":{"rendered":"https:\/\/informateesquina.com\/?p=56572"},"modified":"2022-11-14T20:03:18","modified_gmt":"2022-11-14T23:03:18","slug":"legisladores-oficialistas-aseguran-la-rapida-sancion-del-presupuesto-2023","status":"publish","type":"post","link":"http:\/\/informateesquina.com\/?p=56572","title":{"rendered":"Legisladores oficialistas aseguran la r\u00e1pida sanci\u00f3n del Presupuesto 2023"},"content":{"rendered":"<div class=\"item is-12 mnp\">\n<div class=\"articulo__intro\">\n<p>Tras el ingreso en la C\u00e1mara de Diputados del proyecto de ley del Presupuesto de Gastos y C\u00e1lculo de Recursos de la Administraci\u00f3n Provincial 2023, por $505.917.400.562,25, desde el oficialismo apuestan a despejar dudas para aprobarlo, mientras la oposici\u00f3n pide responsabilidad, claridad y se re\u00fane con sectores representavios de la sociedad \u00a0para analizar los n\u00fameros.<\/p>\n<p>Ma\u00f1ana el ministro de Hacienda de la Provincia, Marcelo Rivas Piasentini, y todo su equipo reunir\u00e1n a los 10 con diputados y senadores para brindar detalles del proyecto remitido por el gobernador Gustavo Vald\u00e9s.<\/p>\n<p>Restando tres sesiones para terminar el per\u00edodo ordinario legislativo, desde el oficialismo apuestan a sancionar el expediente. En ese sentido, ayer el diputado provincial Javier Saez (PP) en di\u00e1logo con Domingo de Mega, al referirse a la reuni\u00f3n con el titular de Hacienda, dijo que \u201cla idea de la reuni\u00f3n es que puedan sacarse todas las dudas que tengan los legisladores para que se pueda avanzar. Si todo sale a fin de noviembre, podr\u00edamos tener el presupuesto aprobado\u201d.<\/p>\n<p>\u201cLos dos ejes pasan por fortalecer la econom\u00eda para ganarle a la inflaci\u00f3n y tambi\u00e9n al sistema educativo ya que el 25 % est\u00e1 destinado a Educaci\u00f3n. Hay que ser predecibles y \u00a0tener cuidado con los recursos del Estado. Se implementa un presupuesto que va a tener acompa\u00f1amiento en su mayor\u00eda\u201d, remarc\u00f3.<\/p>\n<\/div>\n<\/div>\n<div class=\"item articulo__main\">\n<div class=\"articulo__media\">\n<div class=\"galeria\">\n<div class=\"media\">\n<div class=\"i-amphtml-carousel-content\">\n<div class=\"i-amphtml-carousel-scroll\" aria-live=\"polite\">\n<div class=\"i-amphtml-carousel-slotted i-amphtml-carousel-wrapper i-amphtml-carousel-slide-item\" aria-hidden=\"false\"><img decoding=\"async\" class=\"i-amphtml-fill-content i-amphtml-replaced-content\" src=\"https:\/\/pxc.cdn.ellitoral.com.ar\/litoral\/112022\/1668399331057.webp?cw=770&amp;ch=440&amp;extw=jpg\" alt=\"Legisladores oficialistas aseguran la r\u00e1pida sanci\u00f3n del Presupuesto 2023 \" data-amp-auto-lightbox-disable=\"\" \/><\/div>\n<\/div>\n<div class=\"i-amphtml-carousel-arrows\">\n<div class=\"amp-carousel-button amp-carousel-button-prev amp-disabled\" dir=\"ltr\" tabindex=\"-1\" title=\"Previous item in carousel (1 of 1)\" role=\"button\" aria-disabled=\"true\"><\/div>\n<div class=\"amp-carousel-button amp-carousel-button-next amp-disabled\" dir=\"ltr\" tabindex=\"-1\" title=\"Next item in carousel (1 of 1)\" role=\"button\" aria-disabled=\"true\">En esta l\u00ednea, se debe recordar que el diputado Norberto Ast (UCR) en di\u00e1logo con este matutino sobre las posibilidades de avanzar esta semana con un dictamen favorable, dijo: \u201cVamos a ver eso. No hemos conversado nada todav\u00eda, pero lo cierto es que nosotros tenemos como premisa tratar de que este presupuesto salga lo antes posible porque queremos que antes de que termine el a\u00f1o la Provincia cuente con la ley para el 2023\u201d.<\/div>\n<\/div>\n<\/div>\n<\/div>\n<\/div>\n<\/div>\n<div class=\"articulo__cuerpo\">\n<p>\u201cNo s\u00e9 si nos va a dar el tiempo para aprobarlo en ordinarias, vamos a tratar de que as\u00ed sea; y si no, seguramente va a ser en extraordinarias. Pero el objetivo que nos hemos puesto es que el Presupuesto se convierta en ley y est\u00e9 promulgado antes de que finalice el a\u00f1o\u201d, acot\u00f3.<\/p>\n<p>En este escenario donde el oficialismo apuesta a aprobar r\u00e1pido el Presupuesto, se deben sumar las declaraciones del diputado Walter Ch\u00e1vez (ECo) que en el programa Debate Interior, de \u00d1ande Cable Bella Vista, sostuvo que \u201cla idea es avanzar el mi\u00e9rcoles. El presupuesto est\u00e1 claro y no hay que pensar que ser\u00e1 un tratamiento expr\u00e9s. Y ser\u00e1 dif\u00edcil que tenga modificaciones\u201d.<\/p>\n<p>En esa oportunidad tambi\u00e9n advirti\u00f3 \u00a0que \u201cm\u00e1s all\u00e1 de los n\u00fameros, la decisi\u00f3n la tiene el gobernador. Vamos a escuchar los planteos de la oposici\u00f3n, pero es dif\u00edcil retocar, ya que el Presupuesto viene con planteos concretos y determinados. Va a ser dif\u00edcil que haya modificaciones\u201d.<\/p>\n<div class=\"container_publi\" data-tipo=\"tipo_desktop \" data-pos=\"AMP_P2_cuerpo\"><img loading=\"lazy\" decoding=\"async\" class=\"alignnone wp-image-56574 size-full\" src=\"https:\/\/informateesquina.com\/wp-content\/uploads\/2022\/11\/SESION-24.jpg\" alt=\"\" width=\"1024\" height=\"683\" srcset=\"http:\/\/informateesquina.com\/wp-content\/uploads\/2022\/11\/SESION-24.jpg 1024w, http:\/\/informateesquina.com\/wp-content\/uploads\/2022\/11\/SESION-24-300x200.jpg 300w, http:\/\/informateesquina.com\/wp-content\/uploads\/2022\/11\/SESION-24-768x512.jpg 768w, http:\/\/informateesquina.com\/wp-content\/uploads\/2022\/11\/SESION-24-750x500.jpg 750w\" sizes=\"auto, (max-width: 1024px) 100vw, 1024px\" \/><\/div>\n<p><strong>Oposici\u00f3n<\/strong><\/p>\n<p>Dada la premisa del oficialismo de avanzar con la pronta sanci\u00f3n del expediente, El Litoral consult\u00f3 al diputado Cesar Acevedo del Frente de Todos, quien indic\u00f3 que \u201cnuestra intenci\u00f3n es escuchar a distintos sectores de nuestra provincia. Ma\u00f1ana (por hoy) vamos a reunirnos con los docentes, con Agrepol (por la Asociaci\u00f3n Gremial de Polic\u00eda de Corrientes), con autoridades del Poder Judicial, con representantes del medio ambiente, de g\u00e9nero y diversidad para ver de qu\u00e9 manera nosotros podemos hacer nuestro aporte al Presupuesto\u201d.<\/p>\n<p>\u201cEsperamos que nos den la posibilidad, como lo hacen en otras provincias, de que no solo acuda el ministro de Hacienda (por Marcelo Rivas Piasentini), sino los distintos actores que forman parte del Ejecutivo provincial. As\u00ed lo hace Misiones, por ejemplo, donde cada uno de los ministerios, por lo menos lo m\u00e1s importantes, acuden al recinto de manera abierta para la prensa y para el p\u00fablico en general a informar el Presupuesto\u201d.<\/p>\n<p>Sobre el incremento del 100 % de los n\u00fameros 2023 en comparaci\u00f3n con el actual que es de $233.000 millones coment\u00f3 que \u201cesas son pre visibilidades del Ejecutivo, pero hay cosas que nosotros no podemos dejar de reclamar: la cuesti\u00f3n puntual del salario es algo clave, la precarizaci\u00f3n de algunos sectores y la normalizaci\u00f3n de organismos como \u201cla Dpec (Direcci\u00f3n Provincial de Energ\u00eda de Corrientes), Ioscor (Instituto de Obra Social de Corrientes), el IPS (Instituto de Previsi\u00f3n Social)\u201d.<\/p>\n<p>\u201cNecesitamos claridad en muchas cuestiones, no podemos asistir una autorizaci\u00f3n de un cr\u00e9dito donde no est\u00e1 claro cu\u00e1l es la tasa, el plazo, \u00a0que solo est\u00e1 de manera gen\u00e9rica\u201d, dijo sobre el aval que pide el Ejecutivo por $15.000.000.000 para obras de infraestructura.<\/p>\n<div class=\"container_publi\" data-tipo=\"tipo_desktop \" data-pos=\"AMP_P3_cuerpo\"><\/div>\n<p>Sobre el Poder Judicial que solicit\u00f3 $32.000 millones para el 2023 frente a la proyecci\u00f3n del Ejecutivo por $28.751.484.121, Acevedo dijo que \u201ctodos los a\u00f1os tenemos el mismo inconveniente, siempre queda corta la s\u00e1bana y entonces termina siendo un poder que al final siempre depende del Ejecutivo\u201d.<\/p>\n<p>\u201cEsperemos que el mi\u00e9rcoles no intenten avanzar sobre tabla con el proyecto que merece un an\u00e1lisis profundo\u201d, advirti\u00f3 y agreg\u00f3 que \u201cnosotros vamos a avanzar con los encuentros para conocer cu\u00e1l es la mirada de los otros sectores y en base a eso trataremos de ser un canal para poder mediar ante el Gobierno en las cuestiones que ellos planteen\u201d.<\/p>\n<p><strong>Presupuesto<\/strong><\/p>\n<p>El Presupuesto 2023 establece $2.000.000.000 como importe m\u00e1ximo de colocaci\u00f3n de Bonos de Consolidaci\u00f3n para la cancelaci\u00f3n voluntaria de obligaciones bajo las normas de dicho r\u00e9gimen.<\/p>\n<p>Solicita autorizaci\u00f3n para realizar operaciones de cr\u00e9dito p\u00fablico interno o externo, destinados al financiamiento de obras de infraestructura, materiales, equipamiento y\/o el destino que determine, por hasta la suma $15.000.000.000.<\/p>\n<div class=\"container_publi\" data-tipo=\"tipo_desktop \" data-pos=\"AMP_P4_cuerpo\"><\/div>\n<p>Tambi\u00e9n pide el aval para \u00a0poder emitir Letras de Tesorer\u00eda hasta un monto de $1.000.000.000 o su equivalente en moneda extranjera, con destino a cubrir deficiencias estacionales de caja.<\/p>\n<p>En materia salarial establece que el Gobierno se compromete a destinar a la recomposici\u00f3n del salario, adem\u00e1s de lo establecido en el marco de pol\u00edtica salarial, como m\u00ednimo un 50 % de los recursos excedentes.<\/p>\n<p>Para el Poder Legislativo se destinar\u00e1n $10.499.673.417; a Seguridad \u00a0$52.470.308.559,00; al Ministerio de Hacienda y Finanzas $163.818.290.117,2; a Educaci\u00f3n $138.584.597.593,00; a Salud P\u00fablica $57.743.743.219,72; a Producci\u00f3n $5.694.519.535,00; a Obras y Servicios P\u00fablicos: $12.261.500.828,00; a la Secretaria General de Gobernaci\u00f3n \u00a0$6.546.761.938,00; al Tribunal de Cuentas $1.051.133.153,00; a \u00a0la Fiscal\u00eda de Estado $654.833.128,00; a Ciencia y Tecnolog\u00eda $141.027.262,00; a Coordinaci\u00f3n y Planificaci\u00f3n $1.247.783.493,00; a Desarrollo Social $11.900.057.463,00; al Ministerio de Justicia $1.913.918.499,00; a Industria y Trabajo $1.913.918.499,00; a Turismo $1.757.393.415,00.<\/p>\n<\/div>\n<\/div>\n","protected":false},"excerpt":{"rendered":"<p>Tras el ingreso en la C\u00e1mara de Diputados del proyecto de ley del Presupuesto de Gastos y C\u00e1lculo de Recursos de la Administraci\u00f3n Provincial 2023, por $505.917.400.562,25, desde el oficialismo apuestan a despejar dudas para aprobarlo, mientras la oposici\u00f3n pide responsabilidad, claridad y se re\u00fane con sectores representavios de la sociedad \u00a0para analizar los n\u00fameros. [&hellip;]<\/p>\n","protected":false},"author":3,"featured_media":56573,"comment_status":"open","ping_status":"open","sticky":false,"template":"","format":"standard","meta":{"footnotes":""},"categories":[9,11],"tags":[],"class_list":["post-56572","post","type-post","status-publish","format-standard","has-post-thumbnail","hentry","category-politica","category-sociedad"],"_links":{"self":[{"href":"http:\/\/informateesquina.com\/index.php?rest_route=\/wp\/v2\/posts\/56572","targetHints":{"allow":["GET"]}}],"collection":[{"href":"http:\/\/informateesquina.com\/index.php?rest_route=\/wp\/v2\/posts"}],"about":[{"href":"http:\/\/informateesquina.com\/index.php?rest_route=\/wp\/v2\/types\/post"}],"author":[{"embeddable":true,"href":"http:\/\/informateesquina.com\/index.php?rest_route=\/wp\/v2\/users\/3"}],"replies":[{"embeddable":true,"href":"http:\/\/informateesquina.com\/index.php?rest_route=%2Fwp%2Fv2%2Fcomments&post=56572"}],"version-history":[{"count":0,"href":"http:\/\/informateesquina.com\/index.php?rest_route=\/wp\/v2\/posts\/56572\/revisions"}],"wp:featuredmedia":[{"embeddable":true,"href":"http:\/\/informateesquina.com\/index.php?rest_route=\/wp\/v2\/media\/56573"}],"wp:attachment":[{"href":"http:\/\/informateesquina.com\/index.php?rest_route=%2Fwp%2Fv2%2Fmedia&parent=56572"}],"wp:term":[{"taxonomy":"category","embeddable":true,"href":"http:\/\/informateesquina.com\/index.php?rest_route=%2Fwp%2Fv2%2Fcategories&post=56572"},{"taxonomy":"post_tag","embeddable":true,"href":"http:\/\/informateesquina.com\/index.php?rest_route=%2Fwp%2Fv2%2Ftags&post=56572"}],"curies":[{"name":"wp","href":"https:\/\/api.w.org\/{rel}","templated":true}]}}