{"id":56591,"date":"2022-11-15T19:24:37","date_gmt":"2022-11-15T22:24:37","guid":{"rendered":"https:\/\/informateesquina.com\/?p=56591"},"modified":"2022-11-15T19:25:41","modified_gmt":"2022-11-15T22:25:41","slug":"corrientes-sera-anfitriona-de-la-tercera-reunion-de-la-comision-federal-de-cambio-climatico","status":"publish","type":"post","link":"http:\/\/informateesquina.com\/?p=56591","title":{"rendered":"Corrientes ser\u00e1 anfitriona de la tercera reuni\u00f3n de la Comisi\u00f3n Federal de Cambio Clim\u00e1tico"},"content":{"rendered":"<p>La titular de la Comisi\u00f3n de Ambiente de la C\u00e1mara de Diputados de Corrientes, Mar\u00eda Eugenia Mancini manifest\u00f3 que se encuentran trabajando desde el \u00e1rea para recibir a todos los legisladores y hacer que la visita sea productiva, cont\u00f3 que tienen previstas una serie de actividades para mostrar el trabajo que viene realizando Corrientes en materia del cuidado de sus \u00e1reas protegidas.<\/p>\n<p>A partir de las 10 horas dar\u00e1 inicio el encuentro que tiene previsto la disertaci\u00f3n de especialistas sobre \u00e1reas Naturales Protegidas.<\/p>\n<p>Est\u00e1 previsto que legisladores de Chaco, C\u00f3rdoba, Corrientes, Jujuy, La Pampa, Neuqu\u00e9n, R\u00edo Negro, Salta, Santa Cruz, Santiago del Estero, Tierra del Fuego, Buenos Aires, La Rioja, Chubut, Entre R\u00edos, Mendoza, Misiones, San Juan, San Luis, Santa Fe, Tucum\u00e1n y CABA lleguen a Corrientes y sea esta la \u00faltima reuni\u00f3n del a\u00f1o de esta red parlamentaria.<\/p>\n<p><img loading=\"lazy\" decoding=\"async\" class=\"alignnone wp-image-56593 size-full\" src=\"https:\/\/informateesquina.com\/wp-content\/uploads\/2022\/11\/bba71db3-d74a-4e05-897c-c989a9ae34d0.jpeg\" alt=\"\" width=\"1280\" height=\"1280\" srcset=\"http:\/\/informateesquina.com\/wp-content\/uploads\/2022\/11\/bba71db3-d74a-4e05-897c-c989a9ae34d0.jpeg 1280w, http:\/\/informateesquina.com\/wp-content\/uploads\/2022\/11\/bba71db3-d74a-4e05-897c-c989a9ae34d0-300x300.jpeg 300w, http:\/\/informateesquina.com\/wp-content\/uploads\/2022\/11\/bba71db3-d74a-4e05-897c-c989a9ae34d0-1024x1024.jpeg 1024w, http:\/\/informateesquina.com\/wp-content\/uploads\/2022\/11\/bba71db3-d74a-4e05-897c-c989a9ae34d0-150x150.jpeg 150w, http:\/\/informateesquina.com\/wp-content\/uploads\/2022\/11\/bba71db3-d74a-4e05-897c-c989a9ae34d0-768x768.jpeg 768w, http:\/\/informateesquina.com\/wp-content\/uploads\/2022\/11\/bba71db3-d74a-4e05-897c-c989a9ae34d0-75x75.jpeg 75w, http:\/\/informateesquina.com\/wp-content\/uploads\/2022\/11\/bba71db3-d74a-4e05-897c-c989a9ae34d0-750x750.jpeg 750w, http:\/\/informateesquina.com\/wp-content\/uploads\/2022\/11\/bba71db3-d74a-4e05-897c-c989a9ae34d0-1140x1140.jpeg 1140w\" sizes=\"auto, (max-width: 1280px) 100vw, 1280px\" \/><\/p>\n","protected":false},"excerpt":{"rendered":"<p>La titular de la Comisi\u00f3n de Ambiente de la C\u00e1mara de Diputados de Corrientes, Mar\u00eda Eugenia Mancini manifest\u00f3 que se encuentran trabajando desde el \u00e1rea para recibir a todos los legisladores y hacer que la visita sea productiva, cont\u00f3 que tienen previstas una serie de actividades para mostrar el trabajo que viene realizando Corrientes en [&hellip;]<\/p>\n","protected":false},"author":3,"featured_media":56592,"comment_status":"open","ping_status":"open","sticky":false,"template":"","format":"standard","meta":{"footnotes":""},"categories":[6,9,10,11],"tags":[],"class_list":["post-56591","post","type-post","status-publish","format-standard","has-post-thumbnail","hentry","category-locales","category-politica","category-provinciales","category-sociedad"],"_links":{"self":[{"href":"http:\/\/informateesquina.com\/index.php?rest_route=\/wp\/v2\/posts\/56591","targetHints":{"allow":["GET"]}}],"collection":[{"href":"http:\/\/informateesquina.com\/index.php?rest_route=\/wp\/v2\/posts"}],"about":[{"href":"http:\/\/informateesquina.com\/index.php?rest_route=\/wp\/v2\/types\/post"}],"author":[{"embeddable":true,"href":"http:\/\/informateesquina.com\/index.php?rest_route=\/wp\/v2\/users\/3"}],"replies":[{"embeddable":true,"href":"http:\/\/informateesquina.com\/index.php?rest_route=%2Fwp%2Fv2%2Fcomments&post=56591"}],"version-history":[{"count":0,"href":"http:\/\/informateesquina.com\/index.php?rest_route=\/wp\/v2\/posts\/56591\/revisions"}],"wp:featuredmedia":[{"embeddable":true,"href":"http:\/\/informateesquina.com\/index.php?rest_route=\/wp\/v2\/media\/56592"}],"wp:attachment":[{"href":"http:\/\/informateesquina.com\/index.php?rest_route=%2Fwp%2Fv2%2Fmedia&parent=56591"}],"wp:term":[{"taxonomy":"category","embeddable":true,"href":"http:\/\/informateesquina.com\/index.php?rest_route=%2Fwp%2Fv2%2Fcategories&post=56591"},{"taxonomy":"post_tag","embeddable":true,"href":"http:\/\/informateesquina.com\/index.php?rest_route=%2Fwp%2Fv2%2Ftags&post=56591"}],"curies":[{"name":"wp","href":"https:\/\/api.w.org\/{rel}","templated":true}]}}