{"id":56594,"date":"2022-11-15T19:22:37","date_gmt":"2022-11-15T22:22:37","guid":{"rendered":"https:\/\/informateesquina.com\/?p=56594"},"modified":"2022-11-15T19:22:50","modified_gmt":"2022-11-15T22:22:50","slug":"penas-de-9-y-12-anos-por-robar-a-una-jubilada-de-goya","status":"publish","type":"post","link":"http:\/\/informateesquina.com\/?p=56594","title":{"rendered":"Penas de 9 y 12 a\u00f1os por robar a una jubilada de Goya"},"content":{"rendered":"<section class=\"body\">\n<section class=\"content\">\n<figure class=\"big-column\"><picture><img loading=\"lazy\" decoding=\"async\" class=\"pic\" src=\"https:\/\/www.radiodos.com.ar\/content\/bucket\/5\/181335w850h646c.jpg.webp\" alt=\"\" width=\"850\" height=\"646\" \/><\/picture><\/figure>\n<div class=\"main-text\">\n<div class=\"social\">\n<div class=\"share\"><\/div>\n<\/div>\n<p>Una jubilada de apellido Nappi en junio y fines de agosto del 2021 denunci\u00f3 robo perpetrado en su domicilio por calle Juan Pujol al 100 de Goya.<\/p>\n<p>En el \u00faltimo hecho la investigaci\u00f3n policial y del representante de la vindicta p\u00fablica, llega hasta los sospechosos Fabro alias &#8220;Arlequin&#8221; y Base alias &#8220;Juancho&#8221;, quienes en la madrugada del 31 de Agosto de 2021, para delinquir saltan el muro perimetral e ingresan a la casa de la v\u00edctima.<\/p>\n<p>La calificaci\u00f3n legal por el cual se los imputo es; &#8220;robo calificado por escalamiento y uso de armas privaci\u00f3n ilegal de la libertad agravada en concurso ideal y coacci\u00f3n en concurso real&#8221;<\/p>\n<p>Arlequin fue condenado a 9 a\u00f1os en un juicio abreviado y Juancho con una pena de 12 a\u00f1os en debate unipersonal. Deber\u00e1n cumplirlas en una Unidad Penal de la capital correntina.<\/p>\n<p>Parte del relato de la denunciante fue &#8220;Estaba acostada durmiendo, me despertaron y con un cuchillo me amenazaban y ped\u00edan la plata que ten\u00eda guardada&#8221;.<\/p>\n<p>Ambos estaban encapuchados y comenzaron a revolver todo el lugar, ya en ese momento ten\u00edan en su poder los $80 mil que lograron sacarle a la jubilada que, encerraron en el ba\u00f1o escuchaba el ruido proveniente de su habitaci\u00f3n, cajones que abr\u00edan como tambi\u00e9n elementos que ca\u00edan al suelo&#8221;.<\/p>\n<p>Lo robado.<\/p>\n<p>La suma de $80.000 en billetes de distinta denominaci\u00f3n, una alianza de oro y aros que tra\u00eda puestos, dos garrafas de gas de 10 kilos, un televisor LED de 32 pulgadas, bombilla de plata, de alpaca, una olla ESSEN, licuadora blanca, pava el\u00e9ctrica PHILIPS blanca, una sandwichera el\u00e9ctrica blanca, las s\u00e1banas y cubrecamas de 2 plazas de distintos colores y marcas, y un carrito de mandados, donde guardaron todo lo que ten\u00edan a su paso.<\/p>\n<p>Ya dos horas m\u00e1s tarde, huyeron con el bot\u00edn, llamaron a una remiseria de Goya diciendo que necesitaban un m\u00f3vil para trasladar unas cosas a un domicilio del barrio La Rotonda, al conductor tambi\u00e9n amenazaron con el mismo cuchillo para obligarlo a cargar las cosas y trasladarlos hasta la casa de la madre de FABRO, sita en Uruguay al 700.<\/p>\n<p>Posteriormente con datos recabados se realizaron allanamientos con resultados positivos, se hab\u00edan encontrado casi la totalidad de lo sustra\u00eddo, quedando los mencionados a disposici\u00f3n de la justicia.<\/p>\n<p>Varios vecinos hab\u00edan mostrado gran preocupaci\u00f3n porque se ven\u00edan dando il\u00edcitos casi similares y no pasaba nada con el proceder de la justicia. Algunos llegaron a decir que &#8220;tem\u00edan&#8221; la libertad de los aprendidos.<\/p>\n<p>\/\/\/TNGoya.com<\/p>\n<\/div>\n<\/section>\n<\/section>\n","protected":false},"excerpt":{"rendered":"<p>Una jubilada de apellido Nappi en junio y fines de agosto del 2021 denunci\u00f3 robo perpetrado en su domicilio por calle Juan Pujol al 100 de Goya. En el \u00faltimo hecho la investigaci\u00f3n policial y del representante de la vindicta p\u00fablica, llega hasta los sospechosos Fabro alias &#8220;Arlequin&#8221; y Base alias &#8220;Juancho&#8221;, quienes en la [&hellip;]<\/p>\n","protected":false},"author":3,"featured_media":56595,"comment_status":"open","ping_status":"open","sticky":false,"template":"","format":"standard","meta":{"footnotes":""},"categories":[8,11],"tags":[],"class_list":["post-56594","post","type-post","status-publish","format-standard","has-post-thumbnail","hentry","category-policiales","category-sociedad"],"_links":{"self":[{"href":"http:\/\/informateesquina.com\/index.php?rest_route=\/wp\/v2\/posts\/56594","targetHints":{"allow":["GET"]}}],"collection":[{"href":"http:\/\/informateesquina.com\/index.php?rest_route=\/wp\/v2\/posts"}],"about":[{"href":"http:\/\/informateesquina.com\/index.php?rest_route=\/wp\/v2\/types\/post"}],"author":[{"embeddable":true,"href":"http:\/\/informateesquina.com\/index.php?rest_route=\/wp\/v2\/users\/3"}],"replies":[{"embeddable":true,"href":"http:\/\/informateesquina.com\/index.php?rest_route=%2Fwp%2Fv2%2Fcomments&post=56594"}],"version-history":[{"count":0,"href":"http:\/\/informateesquina.com\/index.php?rest_route=\/wp\/v2\/posts\/56594\/revisions"}],"wp:featuredmedia":[{"embeddable":true,"href":"http:\/\/informateesquina.com\/index.php?rest_route=\/wp\/v2\/media\/56595"}],"wp:attachment":[{"href":"http:\/\/informateesquina.com\/index.php?rest_route=%2Fwp%2Fv2%2Fmedia&parent=56594"}],"wp:term":[{"taxonomy":"category","embeddable":true,"href":"http:\/\/informateesquina.com\/index.php?rest_route=%2Fwp%2Fv2%2Fcategories&post=56594"},{"taxonomy":"post_tag","embeddable":true,"href":"http:\/\/informateesquina.com\/index.php?rest_route=%2Fwp%2Fv2%2Ftags&post=56594"}],"curies":[{"name":"wp","href":"https:\/\/api.w.org\/{rel}","templated":true}]}}