{"id":56608,"date":"2022-11-17T18:21:08","date_gmt":"2022-11-17T21:21:08","guid":{"rendered":"https:\/\/informateesquina.com\/?p=56608"},"modified":"2022-11-17T18:21:08","modified_gmt":"2022-11-17T21:21:08","slug":"mundial-scaloni-desafecto-a-nico-gonzalez-y-viaja-angel-correa","status":"publish","type":"post","link":"http:\/\/informateesquina.com\/?p=56608","title":{"rendered":"Mundial: Scaloni desafect\u00f3 a Nico Gonz\u00e1lez y viaja \u00c1ngel Correa"},"content":{"rendered":"<div>\n<p class=\"copete\">Cuando todas las miradas se posaban en las \u00faltimas horas sobre el estado f\u00edsico de Joaqu\u00edn Correa, la bomba en el b\u00fanker de la Selecci\u00f3n aqu\u00ed, en Doha, se le deton\u00f3 a otro de los que estaba tocado: Nicol\u00e1s Gonz\u00e1lez. El jugador de la Fiorentina se desgarr\u00f3 en el final del entrenamiento vespertino de este jueves y fue desafectado del Mundial. De inmediato, en su reemplazo fue citado Angel Correa, que partir\u00e1 desde Rosario hacia Qatar en las pr\u00f3ximas horas.<\/p>\n<\/div>\n<div class=\"cuerpo\">\n<p>&nbsp;<\/p>\n<div id=\"leermas\">\n<div class=\"mitad\">&#8220;Tras el entrenamiento de hoy, el futbolista Nicol\u00e1s Gonz\u00e1lez sufri\u00f3 una lesi\u00f3n muscular y quedar\u00e1 desafectado de la n\u00f3mina mundialista. En su reemplazo, el CT de @Argentina, convoca a \u00c1ngel Correa&#8221;, fue el comunicado que emiti\u00f3 la Selecci\u00f3n en sus redes sociales.<\/div>\n<\/div>\n<p><a class=\"fotos-desarrollo unlink\" title=\"Mundial: Scaloni desafect\u00f3 a Nico Gonz\u00e1lez y viaja \u00c1ngel Correa\" href=\"https:\/\/www.radiosudamericana.com\/notix\/multimedia\/imagenes\/fotos\/2022-11-17\/398685.jpg\"><img decoding=\"async\" class=\"img-responsive\" src=\"https:\/\/www.radiosudamericana.com\/notix\/multimedia\/imagenes\/fotos\/2022-11-17\/398685.jpg_nota.jpg\" \/><\/a><\/p>\n<p>Hab\u00eda quedado una atm\u00f3sfera enrarecida despu\u00e9s de las declaraciones de Lionel Scaloni tras el 5-0 ante Emiratos Arabes Unidos del mi\u00e9rcoles en Abu Dhabi.\u00a0&#8220;Tenemos algunos problemitas. Tenemos d\u00edas para decidir el tema de la lista. Si te soy sincero, hoy no puedo decirlo al ciento por ciento. Pero Tenemos tiempo. Por suerte o mala suerte podremos cambiar. Esperemos que no, pero est\u00e1 la posibilidad&#8221;, hab\u00edan sido las sorpresivas palabras del DT argentino, abriendo la puerta a un cambio de \u00faltimo momento. Habl\u00f3 para el afuera, pero el mensaje fue para el adentro.\u00a0&#8220;Ya somos grandes como para decir si estamos en condiciones o no&#8221;, agreg\u00f3, tajante. Clarito&#8230;<\/p>\n<p>&nbsp;<\/p>\n<p>El propio Scaloni hab\u00eda dejado en claro que no se refer\u00eda espec\u00edficamente a\u00a0los cuatro futbolistas que hab\u00edan quedado afuera del banco en el amistoso, entre ellos Gonz\u00e1lez:\u00a0&#8220;Lo de ellos fue por precauci\u00f3n, est\u00e1n bien&#8221;. Por eso, el foco se hab\u00eda posado sobre la rodilla izquierda del Tucu Correa, que est\u00e1 entre algodones por una dolencia.<\/p>\n<p>El semblante del entrenador nacido en Pujato no era muy bueno a pesar de que su equipo llega entonad\u00edsimo al Mundial. Hab\u00eda algo que lo molestaba. Y ten\u00eda -tiene- que ver con los &#8220;tocados&#8221;. Algunos de sus citados no llegaron a suelo \u00e1rabe en las condiciones en que el cuerpo t\u00e9cnico pensaba. \u00bfError de c\u00e1lculos o falta de informaci\u00f3n completa por parte del jugador?<\/p>\n<p><img loading=\"lazy\" decoding=\"async\" class=\"alignnone wp-image-56609 size-full\" src=\"https:\/\/informateesquina.com\/wp-content\/uploads\/2022\/11\/correa.jpg\" alt=\"\" width=\"774\" height=\"446\" srcset=\"http:\/\/informateesquina.com\/wp-content\/uploads\/2022\/11\/correa.jpg 774w, http:\/\/informateesquina.com\/wp-content\/uploads\/2022\/11\/correa-300x173.jpg 300w, http:\/\/informateesquina.com\/wp-content\/uploads\/2022\/11\/correa-768x443.jpg 768w, http:\/\/informateesquina.com\/wp-content\/uploads\/2022\/11\/correa-750x432.jpg 750w\" sizes=\"auto, (max-width: 774px) 100vw, 774px\" \/><\/p>\n<p>El clima despu\u00e9s de la goleada estaba enrarecido. Internamente hab\u00eda intranquilidad\u00a0porque en los entrenamientos percib\u00edan que la intensidad de\u00a0algunos no era la de otras convocatorias. Y en la antesala de una Copa del Mundo, esto llam\u00f3 mucho la atenci\u00f3n. \u00bfSi no dejan todo ahora, cu\u00e1ndo?\u00a0\u00bfO no estaban al ciento por ciento y se cuidaban para no terminar de lesionarse? Es la sospecha.<\/p>\n<p>Por eso Scaloni decidi\u00f3 apretar las clavijas ahora, que todav\u00eda tiene tiempo de hacer cambios en la lista de 26. Hasta el lunes, d\u00eda previo al debut ante Arabia Saudita por el Grupo C puede hacer modificaciones por lesi\u00f3n o enfermedad, siempre con el aval de la FIFA.<\/p>\n<\/div>\n","protected":false},"excerpt":{"rendered":"<p>Cuando todas las miradas se posaban en las \u00faltimas horas sobre el estado f\u00edsico de Joaqu\u00edn Correa, la bomba en el b\u00fanker de la Selecci\u00f3n aqu\u00ed, en Doha, se le deton\u00f3 a otro de los que estaba tocado: Nicol\u00e1s Gonz\u00e1lez. El jugador de la Fiorentina se desgarr\u00f3 en el final del entrenamiento vespertino de este [&hellip;]<\/p>\n","protected":false},"author":3,"featured_media":56610,"comment_status":"open","ping_status":"open","sticky":false,"template":"","format":"standard","meta":{"footnotes":""},"categories":[3,11],"tags":[136],"class_list":["post-56608","post","type-post","status-publish","format-standard","has-post-thumbnail","hentry","category-deportes","category-sociedad","tag-destacados"],"_links":{"self":[{"href":"http:\/\/informateesquina.com\/index.php?rest_route=\/wp\/v2\/posts\/56608","targetHints":{"allow":["GET"]}}],"collection":[{"href":"http:\/\/informateesquina.com\/index.php?rest_route=\/wp\/v2\/posts"}],"about":[{"href":"http:\/\/informateesquina.com\/index.php?rest_route=\/wp\/v2\/types\/post"}],"author":[{"embeddable":true,"href":"http:\/\/informateesquina.com\/index.php?rest_route=\/wp\/v2\/users\/3"}],"replies":[{"embeddable":true,"href":"http:\/\/informateesquina.com\/index.php?rest_route=%2Fwp%2Fv2%2Fcomments&post=56608"}],"version-history":[{"count":0,"href":"http:\/\/informateesquina.com\/index.php?rest_route=\/wp\/v2\/posts\/56608\/revisions"}],"wp:featuredmedia":[{"embeddable":true,"href":"http:\/\/informateesquina.com\/index.php?rest_route=\/wp\/v2\/media\/56610"}],"wp:attachment":[{"href":"http:\/\/informateesquina.com\/index.php?rest_route=%2Fwp%2Fv2%2Fmedia&parent=56608"}],"wp:term":[{"taxonomy":"category","embeddable":true,"href":"http:\/\/informateesquina.com\/index.php?rest_route=%2Fwp%2Fv2%2Fcategories&post=56608"},{"taxonomy":"post_tag","embeddable":true,"href":"http:\/\/informateesquina.com\/index.php?rest_route=%2Fwp%2Fv2%2Ftags&post=56608"}],"curies":[{"name":"wp","href":"https:\/\/api.w.org\/{rel}","templated":true}]}}