{"id":56612,"date":"2022-11-17T18:27:32","date_gmt":"2022-11-17T21:27:32","guid":{"rendered":"https:\/\/informateesquina.com\/?p=56612"},"modified":"2022-11-17T18:27:32","modified_gmt":"2022-11-17T21:27:32","slug":"joaquin-correa-quedo-fuera-de-la-lista-de-convocados-de-la-seleccion-argentina","status":"publish","type":"post","link":"http:\/\/informateesquina.com\/?p=56612","title":{"rendered":"Joaqu\u00edn Correa qued\u00f3 fuera de la lista de convocados de la Selecci\u00f3n argentina"},"content":{"rendered":"<div>\n<p class=\"copete\">Este jueves por la tarde la AFA confirm\u00f3 que Joaqu\u00edn Correa, que ven\u00eda con problemas f\u00edsicos, fue desafectado del plantel de la Selecci\u00f3n argentina por lesi\u00f3n. De esta manera se suma a Nicol\u00e1s Gonz\u00e1lez, quien m\u00e1s temprano hab\u00eda quedado fuera de la n\u00f3mina por el mismo motivo.<\/p>\n<\/div>\n<div class=\"cuerpo\">\n<p>\u201cEl jugador Joaqu\u00edn Correa tambi\u00e9n ser\u00e1 desafectado de la convocatoria mundialista por lesi\u00f3n. El reemplazante ser\u00e1 informado en las pr\u00f3ximas horas\u201d, inform\u00f3 la Selecci\u00f3n en sus redes sociales.<\/p>\n<p>&nbsp;<\/p>\n<p><strong>Nicol\u00e1s Gonz\u00e1lez, la primera baja de la Selecci\u00f3n argentina<\/strong><\/p>\n<p>Nicol\u00e1s Gonz\u00e1lez, que ven\u00eda con una molestia muscular, fue desafectado este jueves de la lista del\u00a0Mundial Qatar 2022\u00a0y en su lugar fue convocado\u00a0\u00c1ngel Correa.\u00a0<strong>La noticia fue confirmada por la\u00a0Selecci\u00f3n argentina\u00a0a trav\u00e9s de sus redes sociales.<\/strong><\/p>\n<p><a class=\"fotos-desarrollo unlink\" title=\"Joaqu\u00edn Correa qued\u00f3 fuera de la lista de convocados de la Selecci\u00f3n argentina\" href=\"https:\/\/www.radiosudamericana.com\/notix\/multimedia\/imagenes\/fotos\/2022-11-17\/964307.jpg\"><img decoding=\"async\" class=\"img-responsive\" src=\"https:\/\/www.radiosudamericana.com\/notix\/multimedia\/imagenes\/fotos\/2022-11-17\/964307.jpg_nota.jpg\" \/><\/a><\/p>\n<p>Cuando tras la goleada ante Emiratos \u00c1rabes Unidos Scaloni\u00a0daba a entender que pod\u00eda haber cambios en la lista, todas las miradas apuntaron de inmediato a\u00a0Nicol\u00e1s Gonz\u00e1lez:\u00a0no fue al banco en el amistoso y todav\u00eda no se recuper\u00f3 del\u00a0desgarro que sufri\u00f3 el 22 de octubre en el partido Fiorentina-Inter\u00a0por la Serie A. Aquel d\u00eda se retiraba llorando a los 10 minutos de partido.<\/p>\n<p>\u201cTras el entrenamiento de hoy, el futbolista Nicol\u00e1s Gonz\u00e1lez\u00a0sufri\u00f3 una lesi\u00f3n muscular\u00a0y quedar\u00e1 desafectado de la n\u00f3mina mundialista. En su reemplazo, el CT de Argentina convoca a \u00c1ngel Correa\u201d, inform\u00f3 la Selecci\u00f3n a trav\u00e9s de sus redes sociales. Y aunque habla de algo puntual de este jueves,\u00a0la dolencia ven\u00eda de arrastre.<\/p>\n<p>Scaloni, al tanto de que pod\u00eda cambiar la lista hasta 24 horas antes del debut (que ser\u00e1 el martes ante Arabia Saudita), entendi\u00f3 que era momento de realizar una variante ante la no recuperaci\u00f3n de Gonz\u00e1lez. El que ingresa, ahora, es \u00c1ngel Correa, que en el recorte\u00a0hab\u00eda quedado fuera de la lista de 26, pero que ante este cambio se gana un lugar de \u00faltimo momento.<\/p>\n<\/div>\n","protected":false},"excerpt":{"rendered":"<p>Este jueves por la tarde la AFA confirm\u00f3 que Joaqu\u00edn Correa, que ven\u00eda con problemas f\u00edsicos, fue desafectado del plantel de la Selecci\u00f3n argentina por lesi\u00f3n. De esta manera se suma a Nicol\u00e1s Gonz\u00e1lez, quien m\u00e1s temprano hab\u00eda quedado fuera de la n\u00f3mina por el mismo motivo. \u201cEl jugador Joaqu\u00edn Correa tambi\u00e9n ser\u00e1 desafectado de [&hellip;]<\/p>\n","protected":false},"author":3,"featured_media":56613,"comment_status":"open","ping_status":"open","sticky":false,"template":"","format":"standard","meta":{"footnotes":""},"categories":[3,11],"tags":[],"class_list":["post-56612","post","type-post","status-publish","format-standard","has-post-thumbnail","hentry","category-deportes","category-sociedad"],"_links":{"self":[{"href":"http:\/\/informateesquina.com\/index.php?rest_route=\/wp\/v2\/posts\/56612","targetHints":{"allow":["GET"]}}],"collection":[{"href":"http:\/\/informateesquina.com\/index.php?rest_route=\/wp\/v2\/posts"}],"about":[{"href":"http:\/\/informateesquina.com\/index.php?rest_route=\/wp\/v2\/types\/post"}],"author":[{"embeddable":true,"href":"http:\/\/informateesquina.com\/index.php?rest_route=\/wp\/v2\/users\/3"}],"replies":[{"embeddable":true,"href":"http:\/\/informateesquina.com\/index.php?rest_route=%2Fwp%2Fv2%2Fcomments&post=56612"}],"version-history":[{"count":0,"href":"http:\/\/informateesquina.com\/index.php?rest_route=\/wp\/v2\/posts\/56612\/revisions"}],"wp:featuredmedia":[{"embeddable":true,"href":"http:\/\/informateesquina.com\/index.php?rest_route=\/wp\/v2\/media\/56613"}],"wp:attachment":[{"href":"http:\/\/informateesquina.com\/index.php?rest_route=%2Fwp%2Fv2%2Fmedia&parent=56612"}],"wp:term":[{"taxonomy":"category","embeddable":true,"href":"http:\/\/informateesquina.com\/index.php?rest_route=%2Fwp%2Fv2%2Fcategories&post=56612"},{"taxonomy":"post_tag","embeddable":true,"href":"http:\/\/informateesquina.com\/index.php?rest_route=%2Fwp%2Fv2%2Ftags&post=56612"}],"curies":[{"name":"wp","href":"https:\/\/api.w.org\/{rel}","templated":true}]}}