{"id":56625,"date":"2022-11-17T19:44:45","date_gmt":"2022-11-17T22:44:45","guid":{"rendered":"https:\/\/informateesquina.com\/?p=56625"},"modified":"2022-11-17T20:01:53","modified_gmt":"2022-11-17T23:01:53","slug":"feriados-2022-cuales-son-los-proximos-feriados-en-argentina","status":"publish","type":"post","link":"http:\/\/informateesquina.com\/?p=56625","title":{"rendered":"Feriados 2022: cu\u00e1les son los pr\u00f3ximos feriados en Argentina"},"content":{"rendered":"<div class=\"row\">\n<div class=\"col-12 col-lg-8\">\n<div class=\"detail-gallery\">\n<div class=\"detail-gallery__slide-wrapper\">\n<div class=\"detail-gallery__slide\">\n<figure class=\"detail-gallery__figure\">\n<div class=\"detail-gallery__nav\">El pr\u00f3ximo domingo 20 y lunes 21 de noviembre es <strong>feriado<\/strong>\u00a0en la Argentina y de esta manera ser\u00e1 el pen\u00faltimo\u00a0<strong>fin de semana largo<\/strong>\u00a0en el pa\u00eds. Pero la gran duda de muchos trabajadores es cu\u00e1ndo es el siguiente d\u00eda festivo.\u00a0<strong>Qu\u00e9 dice el cronograma de Feriados 2022<\/strong>.<\/div>\n<\/figure>\n<\/div>\n<\/div>\n<\/div>\n<article class=\"article-body first\">\n<div class=\"article-content\">\n<div class=\"cuerpo\" data-twitter-link=\"\">\n<div class=\"AV628be11f1759070b186149c8\">\n<div id=\"aniBox\">\n<div id=\"aniplayer_AV628be11f1759070b186149c8-1668724214848\">\n<div id=\"aniplayer_AV628be11f1759070b186149c8-1668724214848gui\">\n<div id=\"av-caption\">\n<div id=\"av-close-btn-overlay\" class=\"av-pos-top-left\">\n<div id=\"av-close-btn\">Seg\u00fan el <strong>calendario del Gobierno Nacional<\/strong>, el domingo\u00a0<strong>20 de noviembre\u00a0<\/strong>se celebra el\u00a0<strong>&#8220;D\u00eda de la Soberan\u00eda Nacional&#8221;<\/strong>. Jornada tambi\u00e9n coincide con el\u00a0inicio del Mundial Qatar 2022\u00a0y se jugar\u00e1 el partido inaugural entre los locales y Ecuador.<\/div>\n<\/div>\n<\/div>\n<\/div>\n<\/div>\n<\/div>\n<\/div>\n<\/div>\n<\/div>\n<\/article>\n<article class=\"article-body third-p\">\n<div class=\"article-content\">\n<div class=\"cuerpo\" data-twitter-link=\"\">\n<p>Si bien\u00a0<strong>el 20 de noviembre es considerado &#8220;feriado trasladable&#8221; no se mueve<\/strong>, pero se agrega un\u00a0<strong>&#8220;feriado con fines tur\u00edsticos&#8221;<\/strong>\u00a0para el\u00a0<strong>lunes 21 de noviembre<\/strong>, para de esta manera tener un fin de semana largo con tres d\u00edas.<\/p>\n<p>Vale recordar que los\u00a0<strong>feriados nacionales cuyas fechas coincidan con los d\u00edas martes y mi\u00e9rcoles ser\u00e1n trasladados al d\u00eda lunes anterior<\/strong>. Los que coincidan con los d\u00edas\u00a0<strong>jueves y viernes ser\u00e1n trasladados al d\u00eda lunes siguiente<\/strong>. Art. 6 de la Ley 27.399.<\/p>\n<h2><strong>\u00bfCu\u00e1ndo es el pr\u00f3ximo feriado y fin de semana largo en Argentina?<\/strong><\/h2>\n<p><strong>El siguiente feriado<\/strong>, es<strong>\u00a0en diciembre<\/strong>. M\u00e1s precisamente\u00a0<strong>los d\u00edas jueves 8 y viernes 9<\/strong>, con lo que habr\u00e1 un fin de semana extra largo de cuatro d\u00edas.<\/p>\n<p>El\u00a0<strong>8 de diciembre<\/strong>\u00a0es el d\u00eda de la\u00a0<strong>&#8220;Inmaculada Concepci\u00f3n de Mar\u00eda&#8221;<\/strong>\u00a0y\u00a0<strong>el 9 es un &#8220;feriado con fines tur\u00edsticos&#8221;<\/strong>. <strong>Domingo 25 de diciembre:\u00a0<\/strong>Navidad.<\/p>\n<div id=\"1119298-Libre-48563945_wrap\" class=\"embed_cont type_imagen\" contenteditable=\"false\">\n<div id=\"1119298-Libre-48563945_content\" class=\"embed_content\"><img decoding=\"async\" id=\"1119298-Libre-48563945_embed\" src=\"https:\/\/media.diariouno.com.ar\/p\/8a61a914f9520926c8d9d39143f1af32\/adjuntos\/298\/imagenes\/009\/053\/0009053736\/1200x0\/smart\/feriados-2022-argentina-calendariojpg.jpg\" alt=\"Calendario del Gobierno sobre los &amp;uacute;ltimos feriados del 2022.\" width=\"1200\" height=\"\" data-td-src-property=\"https:\/\/media.diariouno.com.ar\/p\/8a61a914f9520926c8d9d39143f1af32\/adjuntos\/298\/imagenes\/009\/053\/0009053736\/1200x0\/smart\/feriados-2022-argentina-calendariojpg.jpg\" \/><\/div>\n<div id=\"1119298-Libre-48563945_epigrafe\" class=\"embed_epigrafe\">\n<p>Calendario del Gobierno sobre los \u00faltimos feriados del 2022.<\/p>\n<\/div>\n<div id=\"1119298-Libre-48563945_copyright\" class=\"embed_copyright\"><\/div>\n<\/div>\n<p>&nbsp;<\/p>\n<\/div>\n<\/div>\n<\/article>\n<\/div>\n<\/div>\n","protected":false},"excerpt":{"rendered":"<p>El pr\u00f3ximo domingo 20 y lunes 21 de noviembre es feriado\u00a0en la Argentina y de esta manera ser\u00e1 el pen\u00faltimo\u00a0fin de semana largo\u00a0en el pa\u00eds. Pero la gran duda de muchos trabajadores es cu\u00e1ndo es el siguiente d\u00eda festivo.\u00a0Qu\u00e9 dice el cronograma de Feriados 2022. Seg\u00fan el calendario del Gobierno Nacional, el domingo\u00a020 de noviembre\u00a0se [&hellip;]<\/p>\n","protected":false},"author":3,"featured_media":56627,"comment_status":"open","ping_status":"open","sticky":false,"template":"","format":"standard","meta":{"footnotes":""},"categories":[7,11],"tags":[],"class_list":["post-56625","post","type-post","status-publish","format-standard","has-post-thumbnail","hentry","category-nacionales","category-sociedad"],"_links":{"self":[{"href":"http:\/\/informateesquina.com\/index.php?rest_route=\/wp\/v2\/posts\/56625","targetHints":{"allow":["GET"]}}],"collection":[{"href":"http:\/\/informateesquina.com\/index.php?rest_route=\/wp\/v2\/posts"}],"about":[{"href":"http:\/\/informateesquina.com\/index.php?rest_route=\/wp\/v2\/types\/post"}],"author":[{"embeddable":true,"href":"http:\/\/informateesquina.com\/index.php?rest_route=\/wp\/v2\/users\/3"}],"replies":[{"embeddable":true,"href":"http:\/\/informateesquina.com\/index.php?rest_route=%2Fwp%2Fv2%2Fcomments&post=56625"}],"version-history":[{"count":0,"href":"http:\/\/informateesquina.com\/index.php?rest_route=\/wp\/v2\/posts\/56625\/revisions"}],"wp:featuredmedia":[{"embeddable":true,"href":"http:\/\/informateesquina.com\/index.php?rest_route=\/wp\/v2\/media\/56627"}],"wp:attachment":[{"href":"http:\/\/informateesquina.com\/index.php?rest_route=%2Fwp%2Fv2%2Fmedia&parent=56625"}],"wp:term":[{"taxonomy":"category","embeddable":true,"href":"http:\/\/informateesquina.com\/index.php?rest_route=%2Fwp%2Fv2%2Fcategories&post=56625"},{"taxonomy":"post_tag","embeddable":true,"href":"http:\/\/informateesquina.com\/index.php?rest_route=%2Fwp%2Fv2%2Ftags&post=56625"}],"curies":[{"name":"wp","href":"https:\/\/api.w.org\/{rel}","templated":true}]}}