{"id":56629,"date":"2022-11-17T20:20:01","date_gmt":"2022-11-17T23:20:01","guid":{"rendered":"https:\/\/informateesquina.com\/?p=56629"},"modified":"2022-11-17T20:20:01","modified_gmt":"2022-11-17T23:20:01","slug":"anunciaron-aumento-salarial-para-empleados-estatales-de-corrientes","status":"publish","type":"post","link":"http:\/\/informateesquina.com\/?p=56629","title":{"rendered":"Anunciaron aumento salarial para empleados estatales de Corrientes"},"content":{"rendered":"<p>El Ministro de Econom\u00eda, Hacienda y Finanzas de la Provincia, Marcelo Rivas Piasentini, brind\u00f3 una conferencia de prensa y dio detalles del aumento salarial para estatales de la provincia de Corrientes.<\/p>\n<div class=\"cuerpo\">\n<p>La inversi\u00f3 asciende a $1800 millones mensuales y un acumulado total anual de $4300 millones.<\/p>\n<p>&nbsp;<\/p>\n<div id=\"embeds\" class=\"inser center-block\"><iframe loading=\"lazy\" title=\"Anuncios salariales desde el Ministerio de Hacienda y Finanzas.\" src=\"https:\/\/www.youtube.com\/embed\/ubrRfdfavbo\" width=\"640\" height=\"400\" frameborder=\"0\" allowfullscreen=\"allowfullscreen\" data-mce-fragment=\"1\"><\/iframe><\/div>\n<p>&nbsp;<\/p>\n<p><u><strong>Las medidas anunciadas son las siguientes:\u00a0<\/strong><\/u><\/p>\n<h2><strong>SALUD P\u00daBLICA<\/strong><\/h2>\n<p>\u2022 15% residentes provinciales, becas de fortalecimiento, becas de enfermer\u00eda y becas de M\u00e1s y Mejor Trabajo.<br \/>\n\u2022 Se incrementa $5000 el c\u00f3digo 153.<\/p>\n<h2><strong>VIALIDAD:<\/strong><\/h2>\n<p>\u2022 15% de aumento en el b\u00e1sico.<\/p>\n<h2><strong>\u00a0SEGURIDAD:<\/strong><\/h2>\n<p>\u2022 15% de incremento en el Valor Punto.<br \/>\n\u2022 15% de aumento en el m\u00ednimo garantizado.<br \/>\n\u2022 $3000 de incremento de bolsillo al c\u00f3digo 134.<br \/>\n\u2022 Aumento a los C\u00f3digos 122 y 153.<br \/>\n\u2022 Se incrementa $7000 de bolsillo el C\u00f3digo 180.<\/p>\n<h2><strong>ADMINISTRACI\u00d3N CENTRAL y SALUD:<\/strong><\/h2>\n<p>\u2022 15% de aumento en la asignaci\u00f3n de clase de todas las categor\u00edas.<br \/>\n\u2022 $3000 de bolsillo al concepto 134.<br \/>\n\u2022 Se crea un concepto nuevo de $10.000 para la escala \u00fanica de remuneraciones, categor\u00edas 030 y 120, incluyendo excombatientes de Malvinas.<\/p>\n<\/div>\n","protected":false},"excerpt":{"rendered":"<p>El Ministro de Econom\u00eda, Hacienda y Finanzas de la Provincia, Marcelo Rivas Piasentini, brind\u00f3 una conferencia de prensa y dio detalles del aumento salarial para estatales de la provincia de Corrientes. La inversi\u00f3 asciende a $1800 millones mensuales y un acumulado total anual de $4300 millones. &nbsp; &nbsp; Las medidas anunciadas son las siguientes:\u00a0 SALUD [&hellip;]<\/p>\n","protected":false},"author":3,"featured_media":56630,"comment_status":"open","ping_status":"open","sticky":false,"template":"","format":"standard","meta":{"footnotes":""},"categories":[10,11],"tags":[136],"class_list":["post-56629","post","type-post","status-publish","format-standard","has-post-thumbnail","hentry","category-provinciales","category-sociedad","tag-destacados"],"_links":{"self":[{"href":"http:\/\/informateesquina.com\/index.php?rest_route=\/wp\/v2\/posts\/56629","targetHints":{"allow":["GET"]}}],"collection":[{"href":"http:\/\/informateesquina.com\/index.php?rest_route=\/wp\/v2\/posts"}],"about":[{"href":"http:\/\/informateesquina.com\/index.php?rest_route=\/wp\/v2\/types\/post"}],"author":[{"embeddable":true,"href":"http:\/\/informateesquina.com\/index.php?rest_route=\/wp\/v2\/users\/3"}],"replies":[{"embeddable":true,"href":"http:\/\/informateesquina.com\/index.php?rest_route=%2Fwp%2Fv2%2Fcomments&post=56629"}],"version-history":[{"count":0,"href":"http:\/\/informateesquina.com\/index.php?rest_route=\/wp\/v2\/posts\/56629\/revisions"}],"wp:featuredmedia":[{"embeddable":true,"href":"http:\/\/informateesquina.com\/index.php?rest_route=\/wp\/v2\/media\/56630"}],"wp:attachment":[{"href":"http:\/\/informateesquina.com\/index.php?rest_route=%2Fwp%2Fv2%2Fmedia&parent=56629"}],"wp:term":[{"taxonomy":"category","embeddable":true,"href":"http:\/\/informateesquina.com\/index.php?rest_route=%2Fwp%2Fv2%2Fcategories&post=56629"},{"taxonomy":"post_tag","embeddable":true,"href":"http:\/\/informateesquina.com\/index.php?rest_route=%2Fwp%2Fv2%2Ftags&post=56629"}],"curies":[{"name":"wp","href":"https:\/\/api.w.org\/{rel}","templated":true}]}}