{"id":56632,"date":"2022-11-17T20:20:41","date_gmt":"2022-11-17T23:20:41","guid":{"rendered":"https:\/\/informateesquina.com\/?p=56632"},"modified":"2022-11-17T20:20:41","modified_gmt":"2022-11-17T23:20:41","slug":"la-cancion-de-l-gante-para-alentar-a-la-seleccion-en-el-mundial","status":"publish","type":"post","link":"http:\/\/informateesquina.com\/?p=56632","title":{"rendered":"La canci\u00f3n de L-Gante para alentar a la Selecci\u00f3n en el Mundial"},"content":{"rendered":"<section class=\"body\">\n<section class=\"content\">\n<figure class=\"big-column\">L-Gante no quiso quedarse afuera de la tendencia futbolera y revolucion\u00f3 las redes sociales con su tema para el Mundial, cuyo ritmo y letra pegadiza para acompa\u00f1ar a la Selecci\u00f3n.<\/figure>\n<div class=\"main-text\">\n<p>&#8220;Soy de Argentina, tierra de Maradona&#8221;, dice parte de la canci\u00f3n. \u00bfListos para escucharla? No van a poder dejar de cantarla&#8221;, lanz\u00f3 el artista.<\/p>\n<p><strong>La canci\u00f3n de L-Gante para alentar a la Selecci\u00f3n en el Mundial<\/strong><\/p>\n<div class=\"external\"><iframe loading=\"lazy\" src=\"https:\/\/www.minutouno.com\/services\/embed.php?idAdjunto=7723441&amp;amp;idAdjuntoTamano=&amp;amp;width=622&amp;amp;height=351&amp;amp;tipo=video\" width=\"622\" height=\"351\" frameborder=\"0\" scrolling=\"no\" allowfullscreen=\"allowfullscreen\" data-td-src-property=\"https:\/\/www.minutouno.com\/services\/embed.php?idAdjunto=7723441&amp;amp;idAdjuntoTamano=&amp;amp;width=622&amp;amp;height=351&amp;amp;tipo=video\" data-mce-fragment=\"1\"><\/iframe><\/div>\n<p>&#8220;La banda est\u00e1 loca \/ Dale Messi que nos tra\u00e9s la copa \/ Soy de Argentina, tierra de Maradona&#8221;, dicen las primeras estrofas.<\/p>\n<p>El tema que mantiene el particular estilo del creador de Cumbia 420. &#8220;Fideo, De Paul y el Dibu van a mover la pelota \/ Nos vamos a Qatar y Scaloni se re copa&#8221;, dicen los siguientes versos.<\/p>\n<p>Fuente: minutouno.com.ar<\/p>\n<\/div>\n<\/section>\n<\/section>\n","protected":false},"excerpt":{"rendered":"<p>L-Gante no quiso quedarse afuera de la tendencia futbolera y revolucion\u00f3 las redes sociales con su tema para el Mundial, cuyo ritmo y letra pegadiza para acompa\u00f1ar a la Selecci\u00f3n. &#8220;Soy de Argentina, tierra de Maradona&#8221;, dice parte de la canci\u00f3n. \u00bfListos para escucharla? No van a poder dejar de cantarla&#8221;, lanz\u00f3 el artista. La [&hellip;]<\/p>\n","protected":false},"author":3,"featured_media":56633,"comment_status":"open","ping_status":"open","sticky":false,"template":"","format":"standard","meta":{"footnotes":""},"categories":[4],"tags":[],"class_list":["post-56632","post","type-post","status-publish","format-standard","has-post-thumbnail","hentry","category-espectaculos"],"_links":{"self":[{"href":"http:\/\/informateesquina.com\/index.php?rest_route=\/wp\/v2\/posts\/56632","targetHints":{"allow":["GET"]}}],"collection":[{"href":"http:\/\/informateesquina.com\/index.php?rest_route=\/wp\/v2\/posts"}],"about":[{"href":"http:\/\/informateesquina.com\/index.php?rest_route=\/wp\/v2\/types\/post"}],"author":[{"embeddable":true,"href":"http:\/\/informateesquina.com\/index.php?rest_route=\/wp\/v2\/users\/3"}],"replies":[{"embeddable":true,"href":"http:\/\/informateesquina.com\/index.php?rest_route=%2Fwp%2Fv2%2Fcomments&post=56632"}],"version-history":[{"count":0,"href":"http:\/\/informateesquina.com\/index.php?rest_route=\/wp\/v2\/posts\/56632\/revisions"}],"wp:featuredmedia":[{"embeddable":true,"href":"http:\/\/informateesquina.com\/index.php?rest_route=\/wp\/v2\/media\/56633"}],"wp:attachment":[{"href":"http:\/\/informateesquina.com\/index.php?rest_route=%2Fwp%2Fv2%2Fmedia&parent=56632"}],"wp:term":[{"taxonomy":"category","embeddable":true,"href":"http:\/\/informateesquina.com\/index.php?rest_route=%2Fwp%2Fv2%2Fcategories&post=56632"},{"taxonomy":"post_tag","embeddable":true,"href":"http:\/\/informateesquina.com\/index.php?rest_route=%2Fwp%2Fv2%2Ftags&post=56632"}],"curies":[{"name":"wp","href":"https:\/\/api.w.org\/{rel}","templated":true}]}}