{"id":56642,"date":"2022-11-17T23:33:43","date_gmt":"2022-11-18T02:33:43","guid":{"rendered":"https:\/\/informateesquina.com\/?p=56642"},"modified":"2022-11-17T23:33:43","modified_gmt":"2022-11-18T02:33:43","slug":"corrientes-un-nene-esta-internado-tras-ser-atacado-por-un-perro-en-una-plaza","status":"publish","type":"post","link":"http:\/\/informateesquina.com\/?p=56642","title":{"rendered":"Corrientes: Un nene est\u00e1 internado tras ser atacado por un perro en una plaza"},"content":{"rendered":"<section class=\"body\">\n<section class=\"content\">\n<figure class=\"big-column\"><picture><img loading=\"lazy\" decoding=\"async\" class=\"pic\" src=\"https:\/\/www.radiodos.com.ar\/content\/bucket\/2\/181602w850h324c.jpg.webp\" alt=\"\" width=\"850\" height=\"324\" \/><\/picture><\/figure>\n<div class=\"main-text\">\n<div class=\"social\">\n<div class=\"share\"><\/div>\n<\/div>\n<p>Un perro cruza de raza pitbull atac\u00f3 a un menor de 9 a\u00f1os produci\u00e9ndole heridas de consideraci\u00f3n en parte de su rostro.<\/p>\n<p>El peque\u00f1o fue intervenido esta ma\u00f1ana en el Hospital Pediatrico de Corrientes donde contin\u00faa internado en observaci\u00f3n.<\/p>\n<p>El hecho ocurri\u00f3 en el barrio Popular, y de acuerdo a familiares del chico, el can tendr\u00eda una conducta complicada y no ser\u00eda la primera vez que ataca a una persona.<\/p>\n<p>&#8220;Sal\u00eda de su casa en el barrio Popular. Cuando va pasando la plazoleta le sali\u00f3 el perro de una casa y se le prendi\u00f3 de la cara. Perdi\u00f3 bastante sangre. Ven\u00eda con una hermanita mas grande pero a ella no le pas\u00f3 nada. \u00a0Es un perro muy agresivo y ya mat\u00f3 a otros animales&#8221;, cont\u00f3 un pariente.<\/p>\n<p><strong>El estado del peque\u00f1o<\/strong><\/p>\n<p>Fuentes extraoficiales del nosocomio adelantaron que el nene \u00a0tiene lesiones en piel por mordedura de un can a nivel facial, con heridas en el parpado inferior izquierdo y region cervical.<\/p>\n<p>De acuerdo a esta fuente, la zona m\u00e1s afectada es la de la zona de los ojos y se analiza si podr\u00eda tener problemas en su visi\u00f3n.<\/p>\n<\/div>\n<\/section>\n<\/section>\n","protected":false},"excerpt":{"rendered":"<p>Un perro cruza de raza pitbull atac\u00f3 a un menor de 9 a\u00f1os produci\u00e9ndole heridas de consideraci\u00f3n en parte de su rostro. El peque\u00f1o fue intervenido esta ma\u00f1ana en el Hospital Pediatrico de Corrientes donde contin\u00faa internado en observaci\u00f3n. El hecho ocurri\u00f3 en el barrio Popular, y de acuerdo a familiares del chico, el can [&hellip;]<\/p>\n","protected":false},"author":3,"featured_media":56643,"comment_status":"open","ping_status":"open","sticky":false,"template":"","format":"standard","meta":{"footnotes":""},"categories":[8,10,11],"tags":[],"class_list":["post-56642","post","type-post","status-publish","format-standard","has-post-thumbnail","hentry","category-policiales","category-provinciales","category-sociedad"],"_links":{"self":[{"href":"http:\/\/informateesquina.com\/index.php?rest_route=\/wp\/v2\/posts\/56642","targetHints":{"allow":["GET"]}}],"collection":[{"href":"http:\/\/informateesquina.com\/index.php?rest_route=\/wp\/v2\/posts"}],"about":[{"href":"http:\/\/informateesquina.com\/index.php?rest_route=\/wp\/v2\/types\/post"}],"author":[{"embeddable":true,"href":"http:\/\/informateesquina.com\/index.php?rest_route=\/wp\/v2\/users\/3"}],"replies":[{"embeddable":true,"href":"http:\/\/informateesquina.com\/index.php?rest_route=%2Fwp%2Fv2%2Fcomments&post=56642"}],"version-history":[{"count":0,"href":"http:\/\/informateesquina.com\/index.php?rest_route=\/wp\/v2\/posts\/56642\/revisions"}],"wp:featuredmedia":[{"embeddable":true,"href":"http:\/\/informateesquina.com\/index.php?rest_route=\/wp\/v2\/media\/56643"}],"wp:attachment":[{"href":"http:\/\/informateesquina.com\/index.php?rest_route=%2Fwp%2Fv2%2Fmedia&parent=56642"}],"wp:term":[{"taxonomy":"category","embeddable":true,"href":"http:\/\/informateesquina.com\/index.php?rest_route=%2Fwp%2Fv2%2Fcategories&post=56642"},{"taxonomy":"post_tag","embeddable":true,"href":"http:\/\/informateesquina.com\/index.php?rest_route=%2Fwp%2Fv2%2Ftags&post=56642"}],"curies":[{"name":"wp","href":"https:\/\/api.w.org\/{rel}","templated":true}]}}