{"id":56703,"date":"2022-11-23T18:47:36","date_gmt":"2022-11-23T21:47:36","guid":{"rendered":"https:\/\/informateesquina.com\/?p=56703"},"modified":"2022-11-23T18:48:23","modified_gmt":"2022-11-23T21:48:23","slug":"esquina-le-dispararon-en-la-cara-y-murio","status":"publish","type":"post","link":"http:\/\/informateesquina.com\/?p=56703","title":{"rendered":"Esquina: le dispararon en la cara y muri\u00f3"},"content":{"rendered":"<div class=\"fotos-y-videos\">\n<p><a class=\"fotos-desarrollo unlink\" title=\"Esquina: fue encontrado en la v\u00eda p\u00fablica con un disparo en la cara\" href=\"https:\/\/www.radiosudamericana.com\/notix\/multimedia\/imagenes\/fotos\/2022-11-23\/506015.jpg\"><img loading=\"lazy\" decoding=\"async\" class=\"img-responsive lazyload center-block\" src=\"https:\/\/www.radiosudamericana.com\/notix\/multimedia\/imagenes\/fotos\/2022-11-23\/506015.jpg_nota.jpg\" alt=\"Esquina: fue encontrado en la v\u00eda p\u00fablica con un disparo en la cara\" width=\"700\" height=\"466\" \/><\/a><\/p>\n<\/div>\n<p>&nbsp;<\/p>\n<div class=\"cuerpo\">\n<p>El hecho se dio el lunes por la noche en zona de calle Mancini al 1.500, de la ciudad de Esquina.<\/p>\n<p>Un hombre, mayor de edad, de apellido P\u00e9rez, fue encontrado en la v\u00eda p\u00fablica con un disparo en la cara. Polic\u00edas lograron socorrerlo tras recibir un llamado an\u00f3nimo informando sobre el ataque. En horas de esta tarde falleci\u00f3.<\/p>\n<p>A partir del hecho, la polic\u00eda, en colaboraci\u00f3n con la Unidad Fiscal de Investigaci\u00f3n, desplegaron un fuerte operativo que termin\u00f3 con la detenci\u00f3n de un hombre y una mujer, domiciliados en la zona donde encontraron a P\u00e9rez.<\/p>\n<p>Al respecto, se llevan a cabo distintas diligencias en colaboraci\u00f3n a la Unidad Fiscal de Investigaci\u00f3n para esclarecer el hecho.<\/p>\n<\/div>\n","protected":false},"excerpt":{"rendered":"<p>&nbsp; El hecho se dio el lunes por la noche en zona de calle Mancini al 1.500, de la ciudad de Esquina. Un hombre, mayor de edad, de apellido P\u00e9rez, fue encontrado en la v\u00eda p\u00fablica con un disparo en la cara. Polic\u00edas lograron socorrerlo tras recibir un llamado an\u00f3nimo informando sobre el ataque. En [&hellip;]<\/p>\n","protected":false},"author":3,"featured_media":56704,"comment_status":"open","ping_status":"open","sticky":false,"template":"","format":"standard","meta":{"footnotes":""},"categories":[8,10,11],"tags":[136],"class_list":["post-56703","post","type-post","status-publish","format-standard","has-post-thumbnail","hentry","category-policiales","category-provinciales","category-sociedad","tag-destacados"],"_links":{"self":[{"href":"http:\/\/informateesquina.com\/index.php?rest_route=\/wp\/v2\/posts\/56703","targetHints":{"allow":["GET"]}}],"collection":[{"href":"http:\/\/informateesquina.com\/index.php?rest_route=\/wp\/v2\/posts"}],"about":[{"href":"http:\/\/informateesquina.com\/index.php?rest_route=\/wp\/v2\/types\/post"}],"author":[{"embeddable":true,"href":"http:\/\/informateesquina.com\/index.php?rest_route=\/wp\/v2\/users\/3"}],"replies":[{"embeddable":true,"href":"http:\/\/informateesquina.com\/index.php?rest_route=%2Fwp%2Fv2%2Fcomments&post=56703"}],"version-history":[{"count":0,"href":"http:\/\/informateesquina.com\/index.php?rest_route=\/wp\/v2\/posts\/56703\/revisions"}],"wp:featuredmedia":[{"embeddable":true,"href":"http:\/\/informateesquina.com\/index.php?rest_route=\/wp\/v2\/media\/56704"}],"wp:attachment":[{"href":"http:\/\/informateesquina.com\/index.php?rest_route=%2Fwp%2Fv2%2Fmedia&parent=56703"}],"wp:term":[{"taxonomy":"category","embeddable":true,"href":"http:\/\/informateesquina.com\/index.php?rest_route=%2Fwp%2Fv2%2Fcategories&post=56703"},{"taxonomy":"post_tag","embeddable":true,"href":"http:\/\/informateesquina.com\/index.php?rest_route=%2Fwp%2Fv2%2Ftags&post=56703"}],"curies":[{"name":"wp","href":"https:\/\/api.w.org\/{rel}","templated":true}]}}