{"id":59210,"date":"2024-07-24T21:42:28","date_gmt":"2024-07-25T00:42:28","guid":{"rendered":"https:\/\/informateesquina.com\/?p=59210"},"modified":"2024-07-24T21:42:29","modified_gmt":"2024-07-25T00:42:29","slug":"la-afa-elevo-un-reclamo-a-la-fifa-por-el-escandalo-en-argentina-marruecos-y-adelanto-que-pedira-sanciones","status":"publish","type":"post","link":"http:\/\/informateesquina.com\/?p=59210","title":{"rendered":"La AFA elev\u00f3 un reclamo a la FIFA por el esc\u00e1ndalo en Argentina-Marruecos y adelant\u00f3 que pedir\u00e1 sanciones"},"content":{"rendered":"\n<h1 class=\"wp-block-heading\" id=\"la-afa-elevo-un-reclamo-a-la-fifa-por-el-escandalo-en-argentina-marruecos-y-adelanto-que-pedira-sanciones\">Claudio Tapia, presidente de la entidad, emiti\u00f3 un duro comunicado por lo ocurrido en la derrota del seleccionado Sub 23 en el debut en los Juegos Ol\u00edmpicos<\/h1>\n\n\n\n<p>El esc\u00e1ndalo alrededor de\u00a0<strong>la derrota de Argentina 2-1 ante Marruecos\u00a0<\/strong>en el debut del f\u00fatbol masculino en los<strong>\u00a0Juegos Ol\u00edmpicos 2024<\/strong>\u00a0deriv\u00f3 en un reclamo formal de la AFA ante la FIFA, seg\u00fan confirm\u00f3\u00a0<strong>Claudio Tapia<\/strong>, presidente de la entidad, en su cuenta en la red social X (antes Twitter). La suspensi\u00f3n del partido por la invasi\u00f3n de campo de los fan\u00e1ticos marroqu\u00edes, la demora de m\u00e1s de una hora y 20 minutos en reanudarse y la posterior anulaci\u00f3n del gol del empate de Cristian Medina result\u00f3 un combo que gener\u00f3 la explosi\u00f3n de la delegaci\u00f3n albiceleste. Y las consecuencias terminar\u00e1n en los escritorios.<\/p>\n\n\n\n<p><a href=\"https:\/\/www.infobae.com\/deportes\/2024\/07\/24\/el-posteo-de-la-maxima-figura-de-marruecos-tras-el-bochorno-en-el-partido-ante-argentina-por-los-juegos-olimpicos\/\" target=\"_blank\" rel=\"noreferrer noopener\"><\/a><\/p>\n\n\n\n<figure class=\"wp-block-image\"><a href=\"https:\/\/www.infobae.com\/deportes\/2024\/07\/24\/el-posteo-de-la-maxima-figura-de-marruecos-tras-el-bochorno-en-el-partido-ante-argentina-por-los-juegos-olimpicos\/\" target=\"_blank\" rel=\"noreferrer noopener\"><img decoding=\"async\" src=\"https:\/\/www.infobae.com\/new-resizer\/XMumBs-0y4iZFc3HqBL7qb0HDWI=\/1200x675\/filters:format(webp):quality(85)\/cloudfront-us-east-1.images.arcpublishing.com\/infobae\/EVYGWQPTHFTP3QRSZ2P4EORG74.jpg\" alt=\"El posteo de la m\u00e1xima figura de Marruecos tras el bochorno en el partido ante Argentina por los Juegos Ol\u00edmpicos\"\/><\/a><\/figure>\n\n\n\n<p><\/p>\n\n\n\n<p>\u201cFue lamentable lo que nos toc\u00f3 vivir a los argentinos en Saint-Etienne. Esperar casi dos horas en el vestuario para que, despu\u00e9s de la invasi\u00f3n al campo de juego por parte de espectadores marroqu\u00edes y de la violencia que sufri\u00f3 la delegaci\u00f3n argentina, que nuestros jugadores tengan que volver a hacer la entrada en calor y seguir jugando&nbsp;<strong>un encuentro que debi\u00f3 ser suspendido por el \u00e1rbitro principal, es realmente un sin sentido que va contra las reglas de la competencia<\/strong>\u201d, rubric\u00f3 Chiqui en el escrito.<\/p>\n\n\n\n<p><strong>El comunicado del presidente de la AFA<\/strong><\/p>\n\n\n\n<p>\u201cSumado a ello, tampoco se escuch\u00f3 la opini\u00f3n de los capitanes de ambos seleccionados, que entend\u00edan que el juego no se deb\u00eda reanudar.&nbsp;<strong>Desde la Asociaci\u00f3n del F\u00fatbol Argentino ya elevamos el reclamo a la Comisi\u00f3n Disciplinaria de la FIFA para que se tomen las medidas reglamentarias pertinentes y se imponga una sanci\u00f3n a quien o quienes corresponda<\/strong>\u201d, cerr\u00f3 el directivo.<\/p>\n\n\n\n<p><a href=\"https:\/\/www.infobae.com\/teleshow\/2024\/07\/24\/el-particular-detalle-en-la-torta-de-casamiento-de-oriana-sabatini-y-paulo-dybala-fueron-tres-dias-de-trabajo\/\" target=\"_blank\" rel=\"noreferrer noopener\"><\/a><\/p>\n\n\n\n<figure class=\"wp-block-image size-full is-resized\"><img loading=\"lazy\" decoding=\"async\" width=\"845\" height=\"703\" src=\"https:\/\/informateesquina.com\/wp-content\/uploads\/2024\/07\/sdadada.jpg\" alt=\"\" class=\"wp-image-59213\" style=\"width:1170px;height:auto\" srcset=\"http:\/\/informateesquina.com\/wp-content\/uploads\/2024\/07\/sdadada.jpg 845w, http:\/\/informateesquina.com\/wp-content\/uploads\/2024\/07\/sdadada-300x250.jpg 300w, http:\/\/informateesquina.com\/wp-content\/uploads\/2024\/07\/sdadada-768x639.jpg 768w, http:\/\/informateesquina.com\/wp-content\/uploads\/2024\/07\/sdadada-750x624.jpg 750w\" sizes=\"auto, (max-width: 845px) 100vw, 845px\" \/><\/figure>\n\n\n\n<p>Las palabras del presidente de la AFA fueron en consonancia con el reclamo del entrenador,&nbsp;<strong>Javier Mascherano<\/strong>, y los futbolistas, que incluso fueron agredidos con proyectiles y petardos, que explotaron peligrosamente cerca de la delegaci\u00f3n.<\/p>\n\n\n\n<figure class=\"wp-block-image size-full\"><img loading=\"lazy\" decoding=\"async\" width=\"836\" height=\"742\" src=\"https:\/\/informateesquina.com\/wp-content\/uploads\/2024\/07\/sfsfsf.jpg\" alt=\"\" class=\"wp-image-59214\" srcset=\"http:\/\/informateesquina.com\/wp-content\/uploads\/2024\/07\/sfsfsf.jpg 836w, http:\/\/informateesquina.com\/wp-content\/uploads\/2024\/07\/sfsfsf-300x266.jpg 300w, http:\/\/informateesquina.com\/wp-content\/uploads\/2024\/07\/sfsfsf-768x682.jpg 768w, http:\/\/informateesquina.com\/wp-content\/uploads\/2024\/07\/sfsfsf-750x666.jpg 750w\" sizes=\"auto, (max-width: 836px) 100vw, 836px\" \/><\/figure>\n\n\n\n<p>\u201cEstuvimos una hora y media en el vestuario, donde en ning\u00fan momento nos comentaban qu\u00e9 es lo que pod\u00eda pasar, nunca nos avisaron.\u00a0<strong>\u2018Estamos viendo\u2019, nos dec\u00edan<\/strong>. De hecho los tres capitanes de Marruecos entraron al vestuario y no quer\u00edan seguir jugando. La posici\u00f3n nuestra era no jugarlo m\u00e1s porque nos tiraron un mill\u00f3n de cosas, se par\u00f3 el partido siete veces&#8230; No me pas\u00f3 nunca como jugador que en un partido de este nivel falle siete veces la seguridad. \u00a1Siete veces fall\u00f3!\u201d,\u00a0protest\u00f3 el DT en rueda de prensa.<\/p>\n\n\n\n<p><a href=\"https:\/\/www.infobae.com\/deportes\/2024\/07\/24\/por-que-el-arbitro-de-argentina-marruecos-fue-parte-fundamental-del-escandalo-que-empano-el-debut-en-los-juegos-olimpicos\/\" target=\"_blank\" rel=\"noreferrer noopener\"><\/a><\/p>\n\n\n\n<figure class=\"wp-block-image\"><a href=\"https:\/\/www.infobae.com\/deportes\/2024\/07\/24\/por-que-el-arbitro-de-argentina-marruecos-fue-parte-fundamental-del-escandalo-que-empano-el-debut-en-los-juegos-olimpicos\/\" target=\"_blank\" rel=\"noreferrer noopener\"><img decoding=\"async\" src=\"https:\/\/www.infobae.com\/new-resizer\/HoYQ0Oz6bEEipPFdChSL4Vje7c4=\/1200x675\/filters:format(webp):quality(85)\/cloudfront-us-east-1.images.arcpublishing.com\/infobae\/2ET3URPLOZEBTPIUXBEUM2MLEI.jpg\" alt=\"Por qu\u00e9 el \u00e1rbitro de Argentina-Marruecos fue parte fundamental del esc\u00e1ndalo que empa\u00f1\u00f3 el debut en los Juegos Ol\u00edmpicos\"\/><\/a><\/figure>\n\n\n\n<p><a href=\"https:\/\/www.infobae.com\/deportes\/2024\/07\/24\/por-que-el-arbitro-de-argentina-marruecos-fue-parte-fundamental-del-escandalo-que-empano-el-debut-en-los-juegos-olimpicos\/\" target=\"_blank\" rel=\"noreferrer noopener\">Te puede interesar:<strong>Por qu\u00e9 el \u00e1rbitro de Argentina-Marruecos fue parte fundamental del esc\u00e1ndalo que empa\u00f1\u00f3 el debut en los Juegos Ol\u00edmpicos<\/strong><\/a><a href=\"https:\/\/www.infobae.com\/deportes\/2024\/07\/24\/por-que-el-arbitro-de-argentina-marruecos-fue-parte-fundamental-del-escandalo-que-empano-el-debut-en-los-juegos-olimpicos\/\" target=\"_blank\" rel=\"noreferrer noopener\"><\/a><\/p>\n\n\n\n<p>El DT denunci\u00f3 que las irregularidades comenzaron antes del debut, con un robo que sufri\u00f3 la delegaci\u00f3n. \u201cYa est\u00e1&#8230; Mir\u00e1,&nbsp;<strong>ayer entraron al entrenamiento y nos robaron<\/strong>, en los Juegos Ol\u00edmpicos. A<strong>&nbsp;Thiago Almada le falt\u00f3 un reloj, anillos, todo, en un entrenamiento en los Juegos Ol\u00edmpicos<\/strong>. No quisimos decir nada despu\u00e9s del entrenamiento, pero ya est\u00e1. Creo que no sirve de nada. Obviamente tampoco nos gustan que pasen este tipo de cosas.&nbsp;<strong>No pretendemos que nos beneficien ni mucho menos, pero tampoco tomarnos el pelo como nos lo tomaron hoy<\/strong>\u201d, concluy\u00f3.<\/p>\n\n\n\n<p>Anulaci\u00f3n del gol y reanudaci\u00f3n del partido entre Argentina y Marruecos<\/p>\n\n\n\n<p>Anulaci\u00f3n del gol y reanudaci\u00f3n del partido entre Argentina y Marruecos<\/p>\n\n\n\n<p>0 seconds of 3 minutes, 9 secondsVolume 90%Anulaci\u00f3n del gol y reanudaci\u00f3n del partido entre Argentina y Marruecos<\/p>\n\n\n\n<p>Incluso integrantes de la Selecci\u00f3n Mayor que acaba de ganar la Copa Am\u00e9rica, como el capit\u00e1n&nbsp;<strong>Lionel Messi, Rodrigo De Paul o Nicol\u00e1s Tagliafico<\/strong>, se sumaron al coro de reclamos por las incre\u00edbles escenas que se vieron en Francia.&nbsp;<strong>\u201cIns\u00f3lito\u201d<\/strong>,&nbsp;<a rel=\"noreferrer noopener\" href=\"https:\/\/www.infobae.com\/deportes\/2024\/07\/24\/el-posteo-de-lionel-messi-tras-el-escandalo-con-la-seleccion-argentina-en-los-juegos-olimpicos-de-paris\/\" target=\"_blank\">escribi\u00f3 la&nbsp;<em>Pulga<\/em>&nbsp;sobre una&nbsp;<em>storie en Intagram<\/em>&nbsp;con fondo negro<\/a>&nbsp;y un emoji de sorpresa luego del bochorno.&nbsp;<strong>\u201cSaliendo del circo, \u00bfvamos a hablar del motivo por el que se suspendi\u00f3 o nos vamos a seguir haciendo los boludos? Si hubiese sido al rev\u00e9s ni me imagino lo que estar\u00edan diciendo\u201d<\/strong>, reproch\u00f3 el lateral izquierdo en&nbsp;<em>X<\/em>.<\/p>\n\n\n\n<p>Pues bien, la queja ya lleg\u00f3 a la FIFA. Mientras, Argentina&nbsp;<a rel=\"noreferrer noopener\" href=\"https:\/\/www.infobae.com\/deportes\/2024\/07\/24\/cuando-volvera-a-jugar-la-sub-23-de-mascherano-y-que-necesita-para-clasificar-tras-la-derrota-ante-marruecos-en-paris-2024\/\" target=\"_blank\">volver\u00e1 a jugar este&nbsp;<strong>s\u00e1bado 27 de julio desde las 10 de la ma\u00f1ana<\/strong>&nbsp;<\/a>(hora Argentina) en el&nbsp;<em>Parc Olympique Lyonnais<\/em>&nbsp;de la ciudad francesa de Lyon ante&nbsp;<strong>Irak&nbsp;<\/strong>-que venci\u00f3 2-1 a Ucrania- en la segunda fecha del Grupo B. El cierre ser\u00e1 en ese mismo recinto, pero el&nbsp;<strong>pr\u00f3ximo martes 30 a las 12 del mediod\u00eda<\/strong>&nbsp;contra los ucranianos.<\/p>\n\n\n\n<p><img loading=\"lazy\" decoding=\"async\" alt=\"Tapia fue contundente con su comunicado (EFE\/ Rub\u00e9n Pe\u00f1a)\n\" height=\"4955\" width=\"7431\" class=\"\" src=\"https:\/\/www.infobae.com\/new-resizer\/TWyiJmRWRVOYWST32LyRGhnIzck=\/420x280\/filters:format(webp):quality(85)\/cloudfront-us-east-1.images.arcpublishing.com\/infobae\/O3J4AUTA2NC5VEBTIRCPM7EQCE.jpg%20420w\" srcset=\"https:\/\/www.infobae.com\/new-resizer\/TWyiJmRWRVOYWST32LyRGhnIzck=\/420x280\/filters:format(webp):quality(85)\/cloudfront-us-east-1.images.arcpublishing.com\/infobae\/O3J4AUTA2NC5VEBTIRCPM7EQCE.jpg 420w,https:\/\/www.infobae.com\/new-resizer\/BXCWFkDfBb8okPFG32838Zl1Q80=\/768x512\/filters:format(webp):quality(85)\/cloudfront-us-east-1.images.arcpublishing.com\/infobae\/O3J4AUTA2NC5VEBTIRCPM7EQCE.jpg 768w,https:\/\/www.infobae.com\/new-resizer\/pSc3ii2oQTL6trJdlvsuap6APgA=\/992x661\/filters:format(webp):quality(85)\/cloudfront-us-east-1.images.arcpublishing.com\/infobae\/O3J4AUTA2NC5VEBTIRCPM7EQCE.jpg 992w,https:\/\/www.infobae.com\/new-resizer\/yV60ttcPBcxw3-BGBtbXEQeJLgU=\/1200x800\/filters:format(webp):quality(85)\/cloudfront-us-east-1.images.arcpublishing.com\/infobae\/O3J4AUTA2NC5VEBTIRCPM7EQCE.jpg 1200w,https:\/\/www.infobae.com\/new-resizer\/zYAr5DMbKMl_ChlQ4t-Vf15bFZw=\/1440x960\/filters:format(webp):quality(85)\/cloudfront-us-east-1.images.arcpublishing.com\/infobae\/O3J4AUTA2NC5VEBTIRCPM7EQCE.jpg 1440w\">Tapia fue contundente con su comunicado (EFE\/ Rub\u00e9n Pe\u00f1a)<\/p>\n","protected":false},"excerpt":{"rendered":"<p>Claudio Tapia, presidente de la entidad, emiti\u00f3 un duro comunicado por lo ocurrido en la derrota del seleccionado Sub 23 en el debut en los Juegos Ol\u00edmpicos El esc\u00e1ndalo alrededor de\u00a0la derrota de Argentina 2-1 ante Marruecos\u00a0en el debut del f\u00fatbol masculino en los\u00a0Juegos Ol\u00edmpicos 2024\u00a0deriv\u00f3 en un reclamo formal de la AFA ante la [&hellip;]<\/p>\n","protected":false},"author":3,"featured_media":59215,"comment_status":"open","ping_status":"open","sticky":false,"template":"","format":"standard","meta":{"footnotes":""},"categories":[3,518,7],"tags":[],"class_list":["post-59210","post","type-post","status-publish","format-standard","has-post-thumbnail","hentry","category-deportes","category-destacados","category-nacionales"],"_links":{"self":[{"href":"http:\/\/informateesquina.com\/index.php?rest_route=\/wp\/v2\/posts\/59210","targetHints":{"allow":["GET"]}}],"collection":[{"href":"http:\/\/informateesquina.com\/index.php?rest_route=\/wp\/v2\/posts"}],"about":[{"href":"http:\/\/informateesquina.com\/index.php?rest_route=\/wp\/v2\/types\/post"}],"author":[{"embeddable":true,"href":"http:\/\/informateesquina.com\/index.php?rest_route=\/wp\/v2\/users\/3"}],"replies":[{"embeddable":true,"href":"http:\/\/informateesquina.com\/index.php?rest_route=%2Fwp%2Fv2%2Fcomments&post=59210"}],"version-history":[{"count":1,"href":"http:\/\/informateesquina.com\/index.php?rest_route=\/wp\/v2\/posts\/59210\/revisions"}],"predecessor-version":[{"id":59216,"href":"http:\/\/informateesquina.com\/index.php?rest_route=\/wp\/v2\/posts\/59210\/revisions\/59216"}],"wp:featuredmedia":[{"embeddable":true,"href":"http:\/\/informateesquina.com\/index.php?rest_route=\/wp\/v2\/media\/59215"}],"wp:attachment":[{"href":"http:\/\/informateesquina.com\/index.php?rest_route=%2Fwp%2Fv2%2Fmedia&parent=59210"}],"wp:term":[{"taxonomy":"category","embeddable":true,"href":"http:\/\/informateesquina.com\/index.php?rest_route=%2Fwp%2Fv2%2Fcategories&post=59210"},{"taxonomy":"post_tag","embeddable":true,"href":"http:\/\/informateesquina.com\/index.php?rest_route=%2Fwp%2Fv2%2Ftags&post=59210"}],"curies":[{"name":"wp","href":"https:\/\/api.w.org\/{rel}","templated":true}]}}