{"id":59223,"date":"2024-07-25T21:07:38","date_gmt":"2024-07-26T00:07:38","guid":{"rendered":"https:\/\/informateesquina.com\/?p=59223"},"modified":"2024-07-25T21:16:09","modified_gmt":"2024-07-26T00:16:09","slug":"neuquen-buscan-a-una-joven-desaparecida-y-ofrecen-una-recompensa-de-1-millon","status":"publish","type":"post","link":"http:\/\/informateesquina.com\/?p=59223","title":{"rendered":"Neuqu\u00e9n: buscan a una joven desaparecida y ofrecen una recompensa de $1 mill\u00f3n"},"content":{"rendered":"\n<p>La joven tiene 20 a\u00f1os y desapareci\u00f3 el 13 de julio. El Gobierno neuquino ofreci\u00f3 la recompensa para quienes brinden informaci\u00f3n sobre su paradero.<\/p>\n\n\n\n<p>Una joven desapareci\u00f3 el 13 de julio en la provincia de&nbsp;Neuqu\u00e9n&nbsp;y el Gobierno provincial&nbsp;ofreci\u00f3 una recompensa de $1 mill\u00f3n&nbsp;para los que brinden informaci\u00f3n acerca de su paradero.<\/p>\n\n\n\n<p>La joven, llamada&nbsp;Luciana Mu\u00f1oz&nbsp;y de 20 a\u00f1os, fue vista por \u00faltima vez en la Manzana 2, Casa 17, ubicado en el barrio Gran Neuqu\u00e9n Norte. El Gobierno de Neuqu\u00e9n detall\u00f3 que&nbsp;mide 1,50 metros, tiene tez trigue\u00f1a, rubia, delgada y de ojos marrones.<\/p>\n\n\n\n<p>En tanto, tambi\u00e9n se dio a conocer que la \u00faltima vez que fue vista&nbsp;vest\u00eda una chomba negra, jeans y zapatillas negras.&nbsp;Adem\u00e1s, hicieron hincapi\u00e9 en que si alguien ve a una persona de estas caracter\u00edsticas lo advierta al&nbsp;0800-4460891.<\/p>\n\n\n\n<p>En di\u00e1logo con la radio&nbsp;97.7&nbsp;de Neuqu\u00e9n, el superintendente de Seguridad de la Polic\u00eda neuquina,&nbsp;N\u00e9stor Castillo, precis\u00f3 la investigaci\u00f3n que se despleg\u00f3 para hallar a la joven: &#8220;Ayer hubo&nbsp;allanamientos en Parque Industrial&nbsp;por datos que recibi\u00f3 la fuerza sobre su desaparici\u00f3n, no se lograron obtener elementos, pero sirve para ir descartando hip\u00f3tesis&#8221;.<\/p>\n\n\n\n<p>En tal sentido, agreg\u00f3 que&nbsp;&#8220;buscan dar con la mayor informaci\u00f3n posible para poder dar con ella&#8221;&nbsp;y marc\u00f3 que las im\u00e1genes captadas por una c\u00e1mara de seguridad que la habr\u00eda registrado a su domicilio de Toma Norte resultaron negativas para su identificaci\u00f3n.<\/p>\n","protected":false},"excerpt":{"rendered":"<p>La joven tiene 20 a\u00f1os y desapareci\u00f3 el 13 de julio. El Gobierno neuquino ofreci\u00f3 la recompensa para quienes brinden informaci\u00f3n sobre su paradero. Una joven desapareci\u00f3 el 13 de julio en la provincia de&nbsp;Neuqu\u00e9n&nbsp;y el Gobierno provincial&nbsp;ofreci\u00f3 una recompensa de $1 mill\u00f3n&nbsp;para los que brinden informaci\u00f3n acerca de su paradero. La joven, llamada&nbsp;Luciana Mu\u00f1oz&nbsp;y [&hellip;]<\/p>\n","protected":false},"author":3,"featured_media":59224,"comment_status":"open","ping_status":"open","sticky":false,"template":"","format":"standard","meta":{"footnotes":""},"categories":[7,8],"tags":[],"class_list":["post-59223","post","type-post","status-publish","format-standard","has-post-thumbnail","hentry","category-nacionales","category-policiales"],"_links":{"self":[{"href":"http:\/\/informateesquina.com\/index.php?rest_route=\/wp\/v2\/posts\/59223","targetHints":{"allow":["GET"]}}],"collection":[{"href":"http:\/\/informateesquina.com\/index.php?rest_route=\/wp\/v2\/posts"}],"about":[{"href":"http:\/\/informateesquina.com\/index.php?rest_route=\/wp\/v2\/types\/post"}],"author":[{"embeddable":true,"href":"http:\/\/informateesquina.com\/index.php?rest_route=\/wp\/v2\/users\/3"}],"replies":[{"embeddable":true,"href":"http:\/\/informateesquina.com\/index.php?rest_route=%2Fwp%2Fv2%2Fcomments&post=59223"}],"version-history":[{"count":2,"href":"http:\/\/informateesquina.com\/index.php?rest_route=\/wp\/v2\/posts\/59223\/revisions"}],"predecessor-version":[{"id":59226,"href":"http:\/\/informateesquina.com\/index.php?rest_route=\/wp\/v2\/posts\/59223\/revisions\/59226"}],"wp:featuredmedia":[{"embeddable":true,"href":"http:\/\/informateesquina.com\/index.php?rest_route=\/wp\/v2\/media\/59224"}],"wp:attachment":[{"href":"http:\/\/informateesquina.com\/index.php?rest_route=%2Fwp%2Fv2%2Fmedia&parent=59223"}],"wp:term":[{"taxonomy":"category","embeddable":true,"href":"http:\/\/informateesquina.com\/index.php?rest_route=%2Fwp%2Fv2%2Fcategories&post=59223"},{"taxonomy":"post_tag","embeddable":true,"href":"http:\/\/informateesquina.com\/index.php?rest_route=%2Fwp%2Fv2%2Ftags&post=59223"}],"curies":[{"name":"wp","href":"https:\/\/api.w.org\/{rel}","templated":true}]}}